{"id":5241,"date":"2022-06-20T09:53:03","date_gmt":"2022-06-20T12:53:03","guid":{"rendered":"https:\/\/anunciogratuito.com.br\/?p=5241"},"modified":"2022-06-20T09:53:03","modified_gmt":"2022-06-20T12:53:03","slug":"nova-empresa-de-eletricista-na-centro-rio-de-janeiro-barra-da-tijuca-recreio-dos-bandeirantes-encontracentrorj","status":"publish","type":"post","link":"https:\/\/guiamais.org\/agenda\/nova-empresa-de-eletricista-na-centro-rio-de-janeiro-barra-da-tijuca-recreio-dos-bandeirantes-encontracentrorj\/","title":{"rendered":"Nova Empresa de Eletricista na Centro Rio de Janeiro, Barra da Tijuca, Recreio dos Bandeirantes [EncontraCentroRJ]"},"content":{"rendered":"<p>Escolher um <a href=\"https:\/\/www.encontrariodejaneiro.com.br\/guia\/eletricistas-rio-de-janeiro\" target=\"_blank\" rel=\"noopener\">eletricista<\/a> residencial para cuidar da sua casa deve ser uma decis\u00e3o tomada com cautela e que leve em considera\u00e7\u00e3o alguns fatores importantes.<\/p>\n<p>Tanto positiva como negativa. Com esse relato em m\u00e3os, voc\u00ea consegue fazer uma escolha mais s\u00e1bia e segura.<\/p>\n<p>Dar prefer\u00eancia para empresas legalmente estabelecidas \u00e9 outra recomenda\u00e7\u00e3o.<\/p>\n<p>Mesmo que num primeiro momento o custo de um eletricista aut\u00f4nomo seja tentador, \u00e9 preciso avaliar bem os riscos.<\/p>\n<p>Em caso de um acidente provocado por falhas na instala\u00e7\u00e3o, por exemplo, e necessidade de se pedir uma repara\u00e7\u00e3o na Justi\u00e7a, as chances de receber a eventual indeniza\u00e7\u00e3o s\u00e3o maiores no caso do r\u00e9u ser uma pessoa jur\u00eddica, que em geral \u00e9 mais estruturada financeiramente.<\/p>\n<p><img loading=\"lazy\" decoding=\"async\" class=\"alignnone size-full wp-image-1563\" src=\"https:\/\/guiamais.org\/agenda\/wp-content\/uploads\/2019\/06\/eletricista-3.jpg\" alt=\"\" width=\"500\" height=\"172\" srcset=\"https:\/\/guiamais.org\/agenda\/wp-content\/uploads\/2019\/06\/eletricista-3.jpg 500w, https:\/\/guiamais.org\/agenda\/wp-content\/uploads\/2019\/06\/eletricista-3-300x103.jpg 300w\" sizes=\"auto, (max-width: 500px) 100vw, 500px\" \/><\/p>\n<p><strong><b>Conhe\u00e7a nosso novo anunciante nas categorias:<\/b><\/strong><\/p>\n<ul>\n<li><a href=\"https:\/\/www.encontracentroriodejaneiro.com.br\/e\/eletricistas-no-centro-rj.shtml\" target=\"_blank\" rel=\"noopener\">Eletricistas no Centro do Rio de Janeiro &#8211; RJ<\/a><\/li>\n<li><a href=\"https:\/\/www.encontrabarradatijuca.com.br\/e\/eletricistas-na-barra-da-tijuca.shtml\" target=\"_blank\" rel=\"noopener\">Eletricistas na Barra da Tijuca<\/a><\/li>\n<li><a href=\"https:\/\/www.encontrarecreiorj.com.br\/categorias\/eletricistas\/\" target=\"_blank\" rel=\"noopener\">Eletricistas em Recreio dos Bandeirantes<\/a><\/li>\n<\/ul>\n<p>A parte el\u00e9trica de um im\u00f3vel \u00e9 um uma estrutura delicada e que precisa sempre ser manuseada com aten\u00e7\u00e3o. Evitar surpresas na rede el\u00e9trica \u00e9 uma quest\u00e3o de seguran\u00e7a domiciliar.<\/p>\n<p>Uma das maneiras mais f\u00e1ceis de encontrar um bom eletricista residencial \u00e9 pedindo aos amigos e familiares uma recomenda\u00e7\u00e3o.<\/p>\n<p>\u00c9 muito mais f\u00e1cil confiarmos na opini\u00e3o de quem conhecemos e de quem j\u00e1 teve a experi\u00eancia do servi\u00e7o realizado.<\/p>\n","protected":false},"excerpt":{"rendered":"<p>Escolher um eletricista residencial para cuidar da sua casa deve ser uma decis\u00e3o tomada com cautela e que leve em considera\u00e7\u00e3o alguns fatores importantes. Tanto positiva como negativa. Com esse relato em m\u00e3os, voc\u00ea consegue fazer uma escolha mais s\u00e1bia e segura. Dar prefer\u00eancia para empresas legalmente estabelecidas \u00e9 outra recomenda\u00e7\u00e3o. Mesmo que num primeiro [&hellip;]<\/p>\n","protected":false},"author":1,"featured_media":266,"comment_status":"closed","ping_status":"closed","sticky":false,"template":"","format":"standard","meta":{"sfsi_plus_gutenberg_text_before_share":"","sfsi_plus_gutenberg_show_text_before_share":"","sfsi_plus_gutenberg_icon_type":"","sfsi_plus_gutenberg_icon_alignemt":"","sfsi_plus_gutenburg_max_per_row":"","footnotes":""},"categories":[6],"tags":[],"class_list":["post-5241","post","type-post","status-publish","format-standard","has-post-thumbnail","hentry","category-anuncios-gratuitos"],"blocksy_meta":[],"yoast_head":"<!-- This site is optimized with the Yoast SEO plugin v27.3 - https:\/\/yoast.com\/product\/yoast-seo-wordpress\/ -->\n<title>Nova Empresa de Eletricista na Centro Rio de Janeiro, Barra da Tijuca, Recreio dos Bandeirantes [EncontraCentroRJ] &#8212; GuiaMais<\/title>\n<meta name=\"robots\" content=\"index, follow, max-snippet:-1, max-image-preview:large, max-video-preview:-1\" \/>\n<link rel=\"canonical\" href=\"https:\/\/guiamais.org\/agenda\/nova-empresa-de-eletricista-na-centro-rio-de-janeiro-barra-da-tijuca-recreio-dos-bandeirantes-encontracentrorj\/\" \/>\n<meta property=\"og:locale\" content=\"pt_BR\" \/>\n<meta property=\"og:type\" content=\"article\" \/>\n<meta property=\"og:title\" content=\"Nova Empresa de Eletricista na Centro Rio de Janeiro, Barra da Tijuca, Recreio dos Bandeirantes [EncontraCentroRJ] &#8212; GuiaMais\" \/>\n<meta property=\"og:description\" content=\"Escolher um eletricista residencial para cuidar da sua casa deve ser uma decis\u00e3o tomada com cautela e que leve em considera\u00e7\u00e3o alguns fatores importantes. Tanto positiva como negativa. Com esse relato em m\u00e3os, voc\u00ea consegue fazer uma escolha mais s\u00e1bia e segura. Dar prefer\u00eancia para empresas legalmente estabelecidas \u00e9 outra recomenda\u00e7\u00e3o. Mesmo que num primeiro [&hellip;]\" \/>\n<meta property=\"og:url\" content=\"https:\/\/guiamais.org\/agenda\/nova-empresa-de-eletricista-na-centro-rio-de-janeiro-barra-da-tijuca-recreio-dos-bandeirantes-encontracentrorj\/\" \/>\n<meta property=\"og:site_name\" content=\"GuiaMais\" \/>\n<meta property=\"article:published_time\" content=\"2022-06-20T12:53:03+00:00\" \/>\n<meta property=\"og:image\" content=\"https:\/\/guiamais.org\/agenda\/wp-content\/uploads\/2018\/09\/eletricista.jpg\" \/>\n\t<meta property=\"og:image:width\" content=\"450\" \/>\n\t<meta property=\"og:image:height\" content=\"300\" \/>\n\t<meta property=\"og:image:type\" content=\"image\/jpeg\" \/>\n<meta name=\"author\" content=\"Equipe Guia Mais\" \/>\n<meta name=\"twitter:card\" content=\"summary_large_image\" \/>\n<meta name=\"twitter:label1\" content=\"Escrito por\" \/>\n\t<meta name=\"twitter:data1\" content=\"Equipe Guia Mais\" \/>\n\t<meta name=\"twitter:label2\" content=\"Est. tempo de leitura\" \/>\n\t<meta name=\"twitter:data2\" content=\"2 minutos\" \/>\n<script type=\"application\/ld+json\" class=\"yoast-schema-graph\">{\"@context\":\"https:\\\/\\\/schema.org\",\"@graph\":[{\"@type\":\"Article\",\"@id\":\"https:\\\/\\\/guiamais.org\\\/agenda\\\/nova-empresa-de-eletricista-na-centro-rio-de-janeiro-barra-da-tijuca-recreio-dos-bandeirantes-encontracentrorj\\\/#article\",\"isPartOf\":{\"@id\":\"https:\\\/\\\/guiamais.org\\\/agenda\\\/nova-empresa-de-eletricista-na-centro-rio-de-janeiro-barra-da-tijuca-recreio-dos-bandeirantes-encontracentrorj\\\/\"},\"author\":{\"name\":\"Equipe Guia Mais\",\"@id\":\"https:\\\/\\\/guiamais.org\\\/agenda\\\/#\\\/schema\\\/person\\\/125fa6f4730e4266aad9a1e48c4f4e89\"},\"headline\":\"Nova Empresa de Eletricista na Centro Rio de Janeiro, Barra da Tijuca, Recreio dos Bandeirantes [EncontraCentroRJ]\",\"datePublished\":\"2022-06-20T12:53:03+00:00\",\"mainEntityOfPage\":{\"@id\":\"https:\\\/\\\/guiamais.org\\\/agenda\\\/nova-empresa-de-eletricista-na-centro-rio-de-janeiro-barra-da-tijuca-recreio-dos-bandeirantes-encontracentrorj\\\/\"},\"wordCount\":245,\"image\":{\"@id\":\"https:\\\/\\\/guiamais.org\\\/agenda\\\/nova-empresa-de-eletricista-na-centro-rio-de-janeiro-barra-da-tijuca-recreio-dos-bandeirantes-encontracentrorj\\\/#primaryimage\"},\"thumbnailUrl\":\"https:\\\/\\\/guiamais.org\\\/agenda\\\/wp-content\\\/uploads\\\/2018\\\/09\\\/eletricista.jpg\",\"articleSection\":[\"An\u00fancios Gratuitos\"],\"inLanguage\":\"pt-BR\"},{\"@type\":\"WebPage\",\"@id\":\"https:\\\/\\\/guiamais.org\\\/agenda\\\/nova-empresa-de-eletricista-na-centro-rio-de-janeiro-barra-da-tijuca-recreio-dos-bandeirantes-encontracentrorj\\\/\",\"url\":\"https:\\\/\\\/guiamais.org\\\/agenda\\\/nova-empresa-de-eletricista-na-centro-rio-de-janeiro-barra-da-tijuca-recreio-dos-bandeirantes-encontracentrorj\\\/\",\"name\":\"Nova Empresa de Eletricista na Centro Rio de Janeiro, Barra da Tijuca, Recreio dos Bandeirantes [EncontraCentroRJ] &#8212; GuiaMais\",\"isPartOf\":{\"@id\":\"https:\\\/\\\/guiamais.org\\\/agenda\\\/#website\"},\"primaryImageOfPage\":{\"@id\":\"https:\\\/\\\/guiamais.org\\\/agenda\\\/nova-empresa-de-eletricista-na-centro-rio-de-janeiro-barra-da-tijuca-recreio-dos-bandeirantes-encontracentrorj\\\/#primaryimage\"},\"image\":{\"@id\":\"https:\\\/\\\/guiamais.org\\\/agenda\\\/nova-empresa-de-eletricista-na-centro-rio-de-janeiro-barra-da-tijuca-recreio-dos-bandeirantes-encontracentrorj\\\/#primaryimage\"},\"thumbnailUrl\":\"https:\\\/\\\/guiamais.org\\\/agenda\\\/wp-content\\\/uploads\\\/2018\\\/09\\\/eletricista.jpg\",\"datePublished\":\"2022-06-20T12:53:03+00:00\",\"author\":{\"@id\":\"https:\\\/\\\/guiamais.org\\\/agenda\\\/#\\\/schema\\\/person\\\/125fa6f4730e4266aad9a1e48c4f4e89\"},\"breadcrumb\":{\"@id\":\"https:\\\/\\\/guiamais.org\\\/agenda\\\/nova-empresa-de-eletricista-na-centro-rio-de-janeiro-barra-da-tijuca-recreio-dos-bandeirantes-encontracentrorj\\\/#breadcrumb\"},\"inLanguage\":\"pt-BR\",\"potentialAction\":[{\"@type\":\"ReadAction\",\"target\":[\"https:\\\/\\\/guiamais.org\\\/agenda\\\/nova-empresa-de-eletricista-na-centro-rio-de-janeiro-barra-da-tijuca-recreio-dos-bandeirantes-encontracentrorj\\\/\"]}]},{\"@type\":\"ImageObject\",\"inLanguage\":\"pt-BR\",\"@id\":\"https:\\\/\\\/guiamais.org\\\/agenda\\\/nova-empresa-de-eletricista-na-centro-rio-de-janeiro-barra-da-tijuca-recreio-dos-bandeirantes-encontracentrorj\\\/#primaryimage\",\"url\":\"https:\\\/\\\/guiamais.org\\\/agenda\\\/wp-content\\\/uploads\\\/2018\\\/09\\\/eletricista.jpg\",\"contentUrl\":\"https:\\\/\\\/guiamais.org\\\/agenda\\\/wp-content\\\/uploads\\\/2018\\\/09\\\/eletricista.jpg\",\"width\":450,\"height\":300},{\"@type\":\"BreadcrumbList\",\"@id\":\"https:\\\/\\\/guiamais.org\\\/agenda\\\/nova-empresa-de-eletricista-na-centro-rio-de-janeiro-barra-da-tijuca-recreio-dos-bandeirantes-encontracentrorj\\\/#breadcrumb\",\"itemListElement\":[{\"@type\":\"ListItem\",\"position\":1,\"name\":\"In\u00edcio\",\"item\":\"https:\\\/\\\/guiamais.org\\\/agenda\\\/\"},{\"@type\":\"ListItem\",\"position\":2,\"name\":\"Nova Empresa de Eletricista na Centro Rio de Janeiro, Barra da Tijuca, Recreio dos Bandeirantes [EncontraCentroRJ]\"}]},{\"@type\":\"WebSite\",\"@id\":\"https:\\\/\\\/guiamais.org\\\/agenda\\\/#website\",\"url\":\"https:\\\/\\\/guiamais.org\\\/agenda\\\/\",\"name\":\"GuiaMais\",\"description\":\"O jeito mais f\u00e1cil de aparecer na internet\",\"potentialAction\":[{\"@type\":\"SearchAction\",\"target\":{\"@type\":\"EntryPoint\",\"urlTemplate\":\"https:\\\/\\\/guiamais.org\\\/agenda\\\/?s={search_term_string}\"},\"query-input\":{\"@type\":\"PropertyValueSpecification\",\"valueRequired\":true,\"valueName\":\"search_term_string\"}}],\"inLanguage\":\"pt-BR\"},{\"@type\":\"Person\",\"@id\":\"https:\\\/\\\/guiamais.org\\\/agenda\\\/#\\\/schema\\\/person\\\/125fa6f4730e4266aad9a1e48c4f4e89\",\"name\":\"Equipe Guia Mais\",\"image\":{\"@type\":\"ImageObject\",\"inLanguage\":\"pt-BR\",\"@id\":\"https:\\\/\\\/secure.gravatar.com\\\/avatar\\\/8ddd357e607cc992c053b2e5dac68c623bd118d89147848d2214c9b705462899?s=96&d=mm&r=g\",\"url\":\"https:\\\/\\\/secure.gravatar.com\\\/avatar\\\/8ddd357e607cc992c053b2e5dac68c623bd118d89147848d2214c9b705462899?s=96&d=mm&r=g\",\"contentUrl\":\"https:\\\/\\\/secure.gravatar.com\\\/avatar\\\/8ddd357e607cc992c053b2e5dac68c623bd118d89147848d2214c9b705462899?s=96&d=mm&r=g\",\"caption\":\"Equipe Guia Mais\"},\"url\":\"https:\\\/\\\/guiamais.org\\\/agenda\\\/author\\\/encontrabrasil\\\/\"}]}<\/script>\n<!-- \/ Yoast SEO plugin. -->","yoast_head_json":{"title":"Nova Empresa de Eletricista na Centro Rio de Janeiro, Barra da Tijuca, Recreio dos Bandeirantes [EncontraCentroRJ] &#8212; GuiaMais","robots":{"index":"index","follow":"follow","max-snippet":"max-snippet:-1","max-image-preview":"max-image-preview:large","max-video-preview":"max-video-preview:-1"},"canonical":"https:\/\/guiamais.org\/agenda\/nova-empresa-de-eletricista-na-centro-rio-de-janeiro-barra-da-tijuca-recreio-dos-bandeirantes-encontracentrorj\/","og_locale":"pt_BR","og_type":"article","og_title":"Nova Empresa de Eletricista na Centro Rio de Janeiro, Barra da Tijuca, Recreio dos Bandeirantes [EncontraCentroRJ] &#8212; GuiaMais","og_description":"Escolher um eletricista residencial para cuidar da sua casa deve ser uma decis\u00e3o tomada com cautela e que leve em considera\u00e7\u00e3o alguns fatores importantes. Tanto positiva como negativa. Com esse relato em m\u00e3os, voc\u00ea consegue fazer uma escolha mais s\u00e1bia e segura. Dar prefer\u00eancia para empresas legalmente estabelecidas \u00e9 outra recomenda\u00e7\u00e3o. Mesmo que num primeiro [&hellip;]","og_url":"https:\/\/guiamais.org\/agenda\/nova-empresa-de-eletricista-na-centro-rio-de-janeiro-barra-da-tijuca-recreio-dos-bandeirantes-encontracentrorj\/","og_site_name":"GuiaMais","article_published_time":"2022-06-20T12:53:03+00:00","og_image":[{"width":450,"height":300,"url":"https:\/\/guiamais.org\/agenda\/wp-content\/uploads\/2018\/09\/eletricista.jpg","type":"image\/jpeg"}],"author":"Equipe Guia Mais","twitter_card":"summary_large_image","twitter_misc":{"Escrito por":"Equipe Guia Mais","Est. tempo de leitura":"2 minutos"},"schema":{"@context":"https:\/\/schema.org","@graph":[{"@type":"Article","@id":"https:\/\/guiamais.org\/agenda\/nova-empresa-de-eletricista-na-centro-rio-de-janeiro-barra-da-tijuca-recreio-dos-bandeirantes-encontracentrorj\/#article","isPartOf":{"@id":"https:\/\/guiamais.org\/agenda\/nova-empresa-de-eletricista-na-centro-rio-de-janeiro-barra-da-tijuca-recreio-dos-bandeirantes-encontracentrorj\/"},"author":{"name":"Equipe Guia Mais","@id":"https:\/\/guiamais.org\/agenda\/#\/schema\/person\/125fa6f4730e4266aad9a1e48c4f4e89"},"headline":"Nova Empresa de Eletricista na Centro Rio de Janeiro, Barra da Tijuca, Recreio dos Bandeirantes [EncontraCentroRJ]","datePublished":"2022-06-20T12:53:03+00:00","mainEntityOfPage":{"@id":"https:\/\/guiamais.org\/agenda\/nova-empresa-de-eletricista-na-centro-rio-de-janeiro-barra-da-tijuca-recreio-dos-bandeirantes-encontracentrorj\/"},"wordCount":245,"image":{"@id":"https:\/\/guiamais.org\/agenda\/nova-empresa-de-eletricista-na-centro-rio-de-janeiro-barra-da-tijuca-recreio-dos-bandeirantes-encontracentrorj\/#primaryimage"},"thumbnailUrl":"https:\/\/guiamais.org\/agenda\/wp-content\/uploads\/2018\/09\/eletricista.jpg","articleSection":["An\u00fancios Gratuitos"],"inLanguage":"pt-BR"},{"@type":"WebPage","@id":"https:\/\/guiamais.org\/agenda\/nova-empresa-de-eletricista-na-centro-rio-de-janeiro-barra-da-tijuca-recreio-dos-bandeirantes-encontracentrorj\/","url":"https:\/\/guiamais.org\/agenda\/nova-empresa-de-eletricista-na-centro-rio-de-janeiro-barra-da-tijuca-recreio-dos-bandeirantes-encontracentrorj\/","name":"Nova Empresa de Eletricista na Centro Rio de Janeiro, Barra da Tijuca, Recreio dos Bandeirantes [EncontraCentroRJ] &#8212; GuiaMais","isPartOf":{"@id":"https:\/\/guiamais.org\/agenda\/#website"},"primaryImageOfPage":{"@id":"https:\/\/guiamais.org\/agenda\/nova-empresa-de-eletricista-na-centro-rio-de-janeiro-barra-da-tijuca-recreio-dos-bandeirantes-encontracentrorj\/#primaryimage"},"image":{"@id":"https:\/\/guiamais.org\/agenda\/nova-empresa-de-eletricista-na-centro-rio-de-janeiro-barra-da-tijuca-recreio-dos-bandeirantes-encontracentrorj\/#primaryimage"},"thumbnailUrl":"https:\/\/guiamais.org\/agenda\/wp-content\/uploads\/2018\/09\/eletricista.jpg","datePublished":"2022-06-20T12:53:03+00:00","author":{"@id":"https:\/\/guiamais.org\/agenda\/#\/schema\/person\/125fa6f4730e4266aad9a1e48c4f4e89"},"breadcrumb":{"@id":"https:\/\/guiamais.org\/agenda\/nova-empresa-de-eletricista-na-centro-rio-de-janeiro-barra-da-tijuca-recreio-dos-bandeirantes-encontracentrorj\/#breadcrumb"},"inLanguage":"pt-BR","potentialAction":[{"@type":"ReadAction","target":["https:\/\/guiamais.org\/agenda\/nova-empresa-de-eletricista-na-centro-rio-de-janeiro-barra-da-tijuca-recreio-dos-bandeirantes-encontracentrorj\/"]}]},{"@type":"ImageObject","inLanguage":"pt-BR","@id":"https:\/\/guiamais.org\/agenda\/nova-empresa-de-eletricista-na-centro-rio-de-janeiro-barra-da-tijuca-recreio-dos-bandeirantes-encontracentrorj\/#primaryimage","url":"https:\/\/guiamais.org\/agenda\/wp-content\/uploads\/2018\/09\/eletricista.jpg","contentUrl":"https:\/\/guiamais.org\/agenda\/wp-content\/uploads\/2018\/09\/eletricista.jpg","width":450,"height":300},{"@type":"BreadcrumbList","@id":"https:\/\/guiamais.org\/agenda\/nova-empresa-de-eletricista-na-centro-rio-de-janeiro-barra-da-tijuca-recreio-dos-bandeirantes-encontracentrorj\/#breadcrumb","itemListElement":[{"@type":"ListItem","position":1,"name":"In\u00edcio","item":"https:\/\/guiamais.org\/agenda\/"},{"@type":"ListItem","position":2,"name":"Nova Empresa de Eletricista na Centro Rio de Janeiro, Barra da Tijuca, Recreio dos Bandeirantes [EncontraCentroRJ]"}]},{"@type":"WebSite","@id":"https:\/\/guiamais.org\/agenda\/#website","url":"https:\/\/guiamais.org\/agenda\/","name":"GuiaMais","description":"O jeito mais f\u00e1cil de aparecer na internet","potentialAction":[{"@type":"SearchAction","target":{"@type":"EntryPoint","urlTemplate":"https:\/\/guiamais.org\/agenda\/?s={search_term_string}"},"query-input":{"@type":"PropertyValueSpecification","valueRequired":true,"valueName":"search_term_string"}}],"inLanguage":"pt-BR"},{"@type":"Person","@id":"https:\/\/guiamais.org\/agenda\/#\/schema\/person\/125fa6f4730e4266aad9a1e48c4f4e89","name":"Equipe Guia Mais","image":{"@type":"ImageObject","inLanguage":"pt-BR","@id":"https:\/\/secure.gravatar.com\/avatar\/8ddd357e607cc992c053b2e5dac68c623bd118d89147848d2214c9b705462899?s=96&d=mm&r=g","url":"https:\/\/secure.gravatar.com\/avatar\/8ddd357e607cc992c053b2e5dac68c623bd118d89147848d2214c9b705462899?s=96&d=mm&r=g","contentUrl":"https:\/\/secure.gravatar.com\/avatar\/8ddd357e607cc992c053b2e5dac68c623bd118d89147848d2214c9b705462899?s=96&d=mm&r=g","caption":"Equipe Guia Mais"},"url":"https:\/\/guiamais.org\/agenda\/author\/encontrabrasil\/"}]}},"_links":{"self":[{"href":"https:\/\/guiamais.org\/agenda\/wp-json\/wp\/v2\/posts\/5241","targetHints":{"allow":["GET"]}}],"collection":[{"href":"https:\/\/guiamais.org\/agenda\/wp-json\/wp\/v2\/posts"}],"about":[{"href":"https:\/\/guiamais.org\/agenda\/wp-json\/wp\/v2\/types\/post"}],"author":[{"embeddable":true,"href":"https:\/\/guiamais.org\/agenda\/wp-json\/wp\/v2\/users\/1"}],"replies":[{"embeddable":true,"href":"https:\/\/guiamais.org\/agenda\/wp-json\/wp\/v2\/comments?post=5241"}],"version-history":[{"count":0,"href":"https:\/\/guiamais.org\/agenda\/wp-json\/wp\/v2\/posts\/5241\/revisions"}],"wp:featuredmedia":[{"embeddable":true,"href":"https:\/\/guiamais.org\/agenda\/wp-json\/wp\/v2\/media\/266"}],"wp:attachment":[{"href":"https:\/\/guiamais.org\/agenda\/wp-json\/wp\/v2\/media?parent=5241"}],"wp:term":[{"taxonomy":"category","embeddable":true,"href":"https:\/\/guiamais.org\/agenda\/wp-json\/wp\/v2\/categories?post=5241"},{"taxonomy":"post_tag","embeddable":true,"href":"https:\/\/guiamais.org\/agenda\/wp-json\/wp\/v2\/tags?post=5241"}],"curies":[{"name":"wp","href":"https:\/\/api.w.org\/{rel}","templated":true}]}}