{"id":4935,"date":"2022-01-24T10:38:41","date_gmt":"2022-01-24T13:38:41","guid":{"rendered":"https:\/\/anunciogratuito.com.br\/?p=4935"},"modified":"2022-01-24T10:38:41","modified_gmt":"2022-01-24T13:38:41","slug":"o-que-faz-um-profissional-de-comunicacao-visual-em-santa-cecilia-santo-amaro-santana-bom-retiro-e-jardins-encontrasantacecilia","status":"publish","type":"post","link":"https:\/\/guiamais.org\/agenda\/o-que-faz-um-profissional-de-comunicacao-visual-em-santa-cecilia-santo-amaro-santana-bom-retiro-e-jardins-encontrasantacecilia\/","title":{"rendered":"O que faz um Profissional de COMUNICA\u00c7\u00c3O VISUAL em Santa Cec\u00edlia, Santo Amaro, Santana, Bom Retiro e Jardins? [EncontraSantaCecilia]"},"content":{"rendered":"<div>\n<p>O atendimento que voc\u00ea recebe desde o in\u00edcio deve ser muito bem analisado. \u00c9 nele que qualquer rela\u00e7\u00e3o de confian\u00e7a profissional \u00e9 estabelecida, ou at\u00e9 mesmo quebrada. Preste aten\u00e7\u00e3o nos detalhes e se poss\u00edvel converse com pessoas e conhe\u00e7a lojas que tiveram seu trabalho feito pela empresa de comunica\u00e7\u00e3o que voc\u00ea est\u00e1 conhecendo. Quanto maior o tempo no mercado de trabalho, mais refer\u00eancias e clientes a empresa de comunica\u00e7\u00e3o ter\u00e1, como por exemplo um portf\u00f3lio de todos os servi\u00e7os j\u00e1 feitos, que pode at\u00e9 te inspirar na ideia do seu projeto ou ter um modelo muito parecido com o que voc\u00ea busca. Quando a empresa \u00e9 de qualidade e tem uma carreira no mercado, \u00e9 meio caminho andado.<\/p>\n<p><a href=\"https:\/\/www.encontrasaopaulo.com.br\/guia\/graficas-e-copiadoras\" target=\"_blank\" rel=\"noopener\"><img loading=\"lazy\" decoding=\"async\" class=\"alignnone wp-image-2610 size-full\" src=\"https:\/\/guiamais.org\/agenda\/wp-content\/uploads\/2019\/11\/comunicacao-visual.jpg\" alt=\"\" width=\"908\" height=\"139\" srcset=\"https:\/\/guiamais.org\/agenda\/wp-content\/uploads\/2019\/11\/comunicacao-visual.jpg 908w, https:\/\/guiamais.org\/agenda\/wp-content\/uploads\/2019\/11\/comunicacao-visual-300x46.jpg 300w, https:\/\/guiamais.org\/agenda\/wp-content\/uploads\/2019\/11\/comunicacao-visual-768x118.jpg 768w\" sizes=\"auto, (max-width: 908px) 100vw, 908px\" \/><\/a><\/p>\n<p><strong><b>Conhe\u00e7a nosso novo anunciante nas categorias:<\/b><\/strong><\/p>\n<ul>\n<li><a href=\"https:\/\/www.encontrasantoamaro.com.br\/c\/comunicacao-visual-em-santo-amaro.shtml\" target=\"_blank\" rel=\"noopener\">Comunica\u00e7\u00e3o Visual em Santo Amaro<\/a><\/li>\n<li><a href=\"https:\/\/www.encontrasantacecilia.com.br\/c\/comunicacao-visual-em-santa-cecilia.shtml\" target=\"_blank\" rel=\"noopener\">Comunica\u00e7\u00e3o Visual em Santa Cec\u00edlia<\/a><\/li>\n<li><a href=\"https:\/\/www.encontrasantana.com.br\/c\/comunicacao-visual-em-santana.shtml\" target=\"_blank\" rel=\"noopener\">Comunica\u00e7\u00e3o Visual em Santana<\/a><\/li>\n<li><a href=\"https:\/\/www.encontrabomretiro.com.br\/c\/comunicacao-visual-no-bom-retiro.shtml\" target=\"_blank\" rel=\"noopener\">Comunica\u00e7\u00e3o Visual no Bom Retiro<\/a><\/li>\n<li><a href=\"https:\/\/www.encontrajardins.com.br\/c\/comunicacao-visual-no-jardins.shtml\" target=\"_blank\" rel=\"noopener\">Comunica\u00e7\u00e3o Visual no Jardins<\/a><\/li>\n<\/ul>\n<p>Basta considerar que a comunica\u00e7\u00e3o visual est\u00e1 predominantemente associada com a identidade da empresa, na sinaliza\u00e7\u00e3o, por exemplo, pode ser trabalhada para criar ambientes mais organizados, agrad\u00e1veis e seguros. J\u00e1 na otimiza\u00e7\u00e3o de fachada de loja, a empresa pode efetuar uma an\u00e1lise cautelosa para propor as solu\u00e7\u00f5es mais compat\u00edveis com o neg\u00f3cio do cliente e sem d\u00favidas, \u00e9 uma atitude que pode fazer grande diferen\u00e7a para garantir a aplica\u00e7\u00e3o dos materiais e m\u00e9todos mais adequados. Afinal, n\u00e3o basta apenas aplicar solu\u00e7\u00f5es que contribuam com o fortalecimento do posicionamento e conceito da marca, \u00e9 preciso que a empresa contratada priorize a qualidade em cada uma das etapas que envolvem o projeto.<\/p>\n<\/div>\n","protected":false},"excerpt":{"rendered":"<p>O atendimento que voc\u00ea recebe desde o in\u00edcio deve ser muito bem analisado. \u00c9 nele que qualquer rela\u00e7\u00e3o de confian\u00e7a profissional \u00e9 estabelecida, ou at\u00e9 mesmo quebrada. Preste aten\u00e7\u00e3o nos detalhes e se poss\u00edvel converse com pessoas e conhe\u00e7a lojas que tiveram seu trabalho feito pela empresa de comunica\u00e7\u00e3o que voc\u00ea est\u00e1 conhecendo. Quanto maior [&hellip;]<\/p>\n","protected":false},"author":1,"featured_media":2610,"comment_status":"closed","ping_status":"closed","sticky":false,"template":"","format":"standard","meta":{"sfsi_plus_gutenberg_text_before_share":"","sfsi_plus_gutenberg_show_text_before_share":"","sfsi_plus_gutenberg_icon_type":"","sfsi_plus_gutenberg_icon_alignemt":"","sfsi_plus_gutenburg_max_per_row":"","footnotes":""},"categories":[6],"tags":[],"class_list":["post-4935","post","type-post","status-publish","format-standard","has-post-thumbnail","hentry","category-anuncios-gratuitos"],"blocksy_meta":[],"yoast_head":"<!-- This site is optimized with the Yoast SEO plugin v27.3 - https:\/\/yoast.com\/product\/yoast-seo-wordpress\/ -->\n<title>O que faz um Profissional de COMUNICA\u00c7\u00c3O VISUAL em Santa Cec\u00edlia, Santo Amaro, Santana, Bom Retiro e Jardins? [EncontraSantaCecilia] &#8212; GuiaMais<\/title>\n<meta name=\"robots\" content=\"index, follow, max-snippet:-1, max-image-preview:large, max-video-preview:-1\" \/>\n<link rel=\"canonical\" href=\"https:\/\/guiamais.org\/agenda\/o-que-faz-um-profissional-de-comunicacao-visual-em-santa-cecilia-santo-amaro-santana-bom-retiro-e-jardins-encontrasantacecilia\/\" \/>\n<meta property=\"og:locale\" content=\"pt_BR\" \/>\n<meta property=\"og:type\" content=\"article\" \/>\n<meta property=\"og:title\" content=\"O que faz um Profissional de COMUNICA\u00c7\u00c3O VISUAL em Santa Cec\u00edlia, Santo Amaro, Santana, Bom Retiro e Jardins? [EncontraSantaCecilia] &#8212; GuiaMais\" \/>\n<meta property=\"og:description\" content=\"O atendimento que voc\u00ea recebe desde o in\u00edcio deve ser muito bem analisado. \u00c9 nele que qualquer rela\u00e7\u00e3o de confian\u00e7a profissional \u00e9 estabelecida, ou at\u00e9 mesmo quebrada. Preste aten\u00e7\u00e3o nos detalhes e se poss\u00edvel converse com pessoas e conhe\u00e7a lojas que tiveram seu trabalho feito pela empresa de comunica\u00e7\u00e3o que voc\u00ea est\u00e1 conhecendo. Quanto maior [&hellip;]\" \/>\n<meta property=\"og:url\" content=\"https:\/\/guiamais.org\/agenda\/o-que-faz-um-profissional-de-comunicacao-visual-em-santa-cecilia-santo-amaro-santana-bom-retiro-e-jardins-encontrasantacecilia\/\" \/>\n<meta property=\"og:site_name\" content=\"GuiaMais\" \/>\n<meta property=\"article:published_time\" content=\"2022-01-24T13:38:41+00:00\" \/>\n<meta property=\"og:image\" content=\"https:\/\/guiamais.org\/agenda\/wp-content\/uploads\/2019\/11\/comunicacao-visual.jpg\" \/>\n\t<meta property=\"og:image:width\" content=\"908\" \/>\n\t<meta property=\"og:image:height\" content=\"139\" \/>\n\t<meta property=\"og:image:type\" content=\"image\/jpeg\" \/>\n<meta name=\"author\" content=\"Equipe Guia Mais\" \/>\n<meta name=\"twitter:card\" content=\"summary_large_image\" \/>\n<meta name=\"twitter:label1\" content=\"Escrito por\" \/>\n\t<meta name=\"twitter:data1\" content=\"Equipe Guia Mais\" \/>\n\t<meta name=\"twitter:label2\" content=\"Est. tempo de leitura\" \/>\n\t<meta name=\"twitter:data2\" content=\"2 minutos\" \/>\n<script type=\"application\/ld+json\" class=\"yoast-schema-graph\">{\"@context\":\"https:\\\/\\\/schema.org\",\"@graph\":[{\"@type\":\"Article\",\"@id\":\"https:\\\/\\\/guiamais.org\\\/agenda\\\/o-que-faz-um-profissional-de-comunicacao-visual-em-santa-cecilia-santo-amaro-santana-bom-retiro-e-jardins-encontrasantacecilia\\\/#article\",\"isPartOf\":{\"@id\":\"https:\\\/\\\/guiamais.org\\\/agenda\\\/o-que-faz-um-profissional-de-comunicacao-visual-em-santa-cecilia-santo-amaro-santana-bom-retiro-e-jardins-encontrasantacecilia\\\/\"},\"author\":{\"name\":\"Equipe Guia Mais\",\"@id\":\"https:\\\/\\\/guiamais.org\\\/agenda\\\/#\\\/schema\\\/person\\\/125fa6f4730e4266aad9a1e48c4f4e89\"},\"headline\":\"O que faz um Profissional de COMUNICA\u00c7\u00c3O VISUAL em Santa Cec\u00edlia, Santo Amaro, Santana, Bom Retiro e Jardins? [EncontraSantaCecilia]\",\"datePublished\":\"2022-01-24T13:38:41+00:00\",\"mainEntityOfPage\":{\"@id\":\"https:\\\/\\\/guiamais.org\\\/agenda\\\/o-que-faz-um-profissional-de-comunicacao-visual-em-santa-cecilia-santo-amaro-santana-bom-retiro-e-jardins-encontrasantacecilia\\\/\"},\"wordCount\":304,\"image\":{\"@id\":\"https:\\\/\\\/guiamais.org\\\/agenda\\\/o-que-faz-um-profissional-de-comunicacao-visual-em-santa-cecilia-santo-amaro-santana-bom-retiro-e-jardins-encontrasantacecilia\\\/#primaryimage\"},\"thumbnailUrl\":\"https:\\\/\\\/guiamais.org\\\/agenda\\\/wp-content\\\/uploads\\\/2019\\\/11\\\/comunicacao-visual.jpg\",\"articleSection\":[\"An\u00fancios Gratuitos\"],\"inLanguage\":\"pt-BR\"},{\"@type\":\"WebPage\",\"@id\":\"https:\\\/\\\/guiamais.org\\\/agenda\\\/o-que-faz-um-profissional-de-comunicacao-visual-em-santa-cecilia-santo-amaro-santana-bom-retiro-e-jardins-encontrasantacecilia\\\/\",\"url\":\"https:\\\/\\\/guiamais.org\\\/agenda\\\/o-que-faz-um-profissional-de-comunicacao-visual-em-santa-cecilia-santo-amaro-santana-bom-retiro-e-jardins-encontrasantacecilia\\\/\",\"name\":\"O que faz um Profissional de COMUNICA\u00c7\u00c3O VISUAL em Santa Cec\u00edlia, Santo Amaro, Santana, Bom Retiro e Jardins? [EncontraSantaCecilia] &#8212; GuiaMais\",\"isPartOf\":{\"@id\":\"https:\\\/\\\/guiamais.org\\\/agenda\\\/#website\"},\"primaryImageOfPage\":{\"@id\":\"https:\\\/\\\/guiamais.org\\\/agenda\\\/o-que-faz-um-profissional-de-comunicacao-visual-em-santa-cecilia-santo-amaro-santana-bom-retiro-e-jardins-encontrasantacecilia\\\/#primaryimage\"},\"image\":{\"@id\":\"https:\\\/\\\/guiamais.org\\\/agenda\\\/o-que-faz-um-profissional-de-comunicacao-visual-em-santa-cecilia-santo-amaro-santana-bom-retiro-e-jardins-encontrasantacecilia\\\/#primaryimage\"},\"thumbnailUrl\":\"https:\\\/\\\/guiamais.org\\\/agenda\\\/wp-content\\\/uploads\\\/2019\\\/11\\\/comunicacao-visual.jpg\",\"datePublished\":\"2022-01-24T13:38:41+00:00\",\"author\":{\"@id\":\"https:\\\/\\\/guiamais.org\\\/agenda\\\/#\\\/schema\\\/person\\\/125fa6f4730e4266aad9a1e48c4f4e89\"},\"breadcrumb\":{\"@id\":\"https:\\\/\\\/guiamais.org\\\/agenda\\\/o-que-faz-um-profissional-de-comunicacao-visual-em-santa-cecilia-santo-amaro-santana-bom-retiro-e-jardins-encontrasantacecilia\\\/#breadcrumb\"},\"inLanguage\":\"pt-BR\",\"potentialAction\":[{\"@type\":\"ReadAction\",\"target\":[\"https:\\\/\\\/guiamais.org\\\/agenda\\\/o-que-faz-um-profissional-de-comunicacao-visual-em-santa-cecilia-santo-amaro-santana-bom-retiro-e-jardins-encontrasantacecilia\\\/\"]}]},{\"@type\":\"ImageObject\",\"inLanguage\":\"pt-BR\",\"@id\":\"https:\\\/\\\/guiamais.org\\\/agenda\\\/o-que-faz-um-profissional-de-comunicacao-visual-em-santa-cecilia-santo-amaro-santana-bom-retiro-e-jardins-encontrasantacecilia\\\/#primaryimage\",\"url\":\"https:\\\/\\\/guiamais.org\\\/agenda\\\/wp-content\\\/uploads\\\/2019\\\/11\\\/comunicacao-visual.jpg\",\"contentUrl\":\"https:\\\/\\\/guiamais.org\\\/agenda\\\/wp-content\\\/uploads\\\/2019\\\/11\\\/comunicacao-visual.jpg\",\"width\":908,\"height\":139},{\"@type\":\"BreadcrumbList\",\"@id\":\"https:\\\/\\\/guiamais.org\\\/agenda\\\/o-que-faz-um-profissional-de-comunicacao-visual-em-santa-cecilia-santo-amaro-santana-bom-retiro-e-jardins-encontrasantacecilia\\\/#breadcrumb\",\"itemListElement\":[{\"@type\":\"ListItem\",\"position\":1,\"name\":\"In\u00edcio\",\"item\":\"https:\\\/\\\/guiamais.org\\\/agenda\\\/\"},{\"@type\":\"ListItem\",\"position\":2,\"name\":\"O que faz um Profissional de COMUNICA\u00c7\u00c3O VISUAL em Santa Cec\u00edlia, Santo Amaro, Santana, Bom Retiro e Jardins? [EncontraSantaCecilia]\"}]},{\"@type\":\"WebSite\",\"@id\":\"https:\\\/\\\/guiamais.org\\\/agenda\\\/#website\",\"url\":\"https:\\\/\\\/guiamais.org\\\/agenda\\\/\",\"name\":\"GuiaMais\",\"description\":\"O jeito mais f\u00e1cil de aparecer na internet\",\"potentialAction\":[{\"@type\":\"SearchAction\",\"target\":{\"@type\":\"EntryPoint\",\"urlTemplate\":\"https:\\\/\\\/guiamais.org\\\/agenda\\\/?s={search_term_string}\"},\"query-input\":{\"@type\":\"PropertyValueSpecification\",\"valueRequired\":true,\"valueName\":\"search_term_string\"}}],\"inLanguage\":\"pt-BR\"},{\"@type\":\"Person\",\"@id\":\"https:\\\/\\\/guiamais.org\\\/agenda\\\/#\\\/schema\\\/person\\\/125fa6f4730e4266aad9a1e48c4f4e89\",\"name\":\"Equipe Guia Mais\",\"image\":{\"@type\":\"ImageObject\",\"inLanguage\":\"pt-BR\",\"@id\":\"https:\\\/\\\/secure.gravatar.com\\\/avatar\\\/8ddd357e607cc992c053b2e5dac68c623bd118d89147848d2214c9b705462899?s=96&d=mm&r=g\",\"url\":\"https:\\\/\\\/secure.gravatar.com\\\/avatar\\\/8ddd357e607cc992c053b2e5dac68c623bd118d89147848d2214c9b705462899?s=96&d=mm&r=g\",\"contentUrl\":\"https:\\\/\\\/secure.gravatar.com\\\/avatar\\\/8ddd357e607cc992c053b2e5dac68c623bd118d89147848d2214c9b705462899?s=96&d=mm&r=g\",\"caption\":\"Equipe Guia Mais\"},\"url\":\"https:\\\/\\\/guiamais.org\\\/agenda\\\/author\\\/encontrabrasil\\\/\"}]}<\/script>\n<!-- \/ Yoast SEO plugin. -->","yoast_head_json":{"title":"O que faz um Profissional de COMUNICA\u00c7\u00c3O VISUAL em Santa Cec\u00edlia, Santo Amaro, Santana, Bom Retiro e Jardins? [EncontraSantaCecilia] &#8212; GuiaMais","robots":{"index":"index","follow":"follow","max-snippet":"max-snippet:-1","max-image-preview":"max-image-preview:large","max-video-preview":"max-video-preview:-1"},"canonical":"https:\/\/guiamais.org\/agenda\/o-que-faz-um-profissional-de-comunicacao-visual-em-santa-cecilia-santo-amaro-santana-bom-retiro-e-jardins-encontrasantacecilia\/","og_locale":"pt_BR","og_type":"article","og_title":"O que faz um Profissional de COMUNICA\u00c7\u00c3O VISUAL em Santa Cec\u00edlia, Santo Amaro, Santana, Bom Retiro e Jardins? [EncontraSantaCecilia] &#8212; GuiaMais","og_description":"O atendimento que voc\u00ea recebe desde o in\u00edcio deve ser muito bem analisado. \u00c9 nele que qualquer rela\u00e7\u00e3o de confian\u00e7a profissional \u00e9 estabelecida, ou at\u00e9 mesmo quebrada. Preste aten\u00e7\u00e3o nos detalhes e se poss\u00edvel converse com pessoas e conhe\u00e7a lojas que tiveram seu trabalho feito pela empresa de comunica\u00e7\u00e3o que voc\u00ea est\u00e1 conhecendo. Quanto maior [&hellip;]","og_url":"https:\/\/guiamais.org\/agenda\/o-que-faz-um-profissional-de-comunicacao-visual-em-santa-cecilia-santo-amaro-santana-bom-retiro-e-jardins-encontrasantacecilia\/","og_site_name":"GuiaMais","article_published_time":"2022-01-24T13:38:41+00:00","og_image":[{"width":908,"height":139,"url":"https:\/\/guiamais.org\/agenda\/wp-content\/uploads\/2019\/11\/comunicacao-visual.jpg","type":"image\/jpeg"}],"author":"Equipe Guia Mais","twitter_card":"summary_large_image","twitter_misc":{"Escrito por":"Equipe Guia Mais","Est. tempo de leitura":"2 minutos"},"schema":{"@context":"https:\/\/schema.org","@graph":[{"@type":"Article","@id":"https:\/\/guiamais.org\/agenda\/o-que-faz-um-profissional-de-comunicacao-visual-em-santa-cecilia-santo-amaro-santana-bom-retiro-e-jardins-encontrasantacecilia\/#article","isPartOf":{"@id":"https:\/\/guiamais.org\/agenda\/o-que-faz-um-profissional-de-comunicacao-visual-em-santa-cecilia-santo-amaro-santana-bom-retiro-e-jardins-encontrasantacecilia\/"},"author":{"name":"Equipe Guia Mais","@id":"https:\/\/guiamais.org\/agenda\/#\/schema\/person\/125fa6f4730e4266aad9a1e48c4f4e89"},"headline":"O que faz um Profissional de COMUNICA\u00c7\u00c3O VISUAL em Santa Cec\u00edlia, Santo Amaro, Santana, Bom Retiro e Jardins? [EncontraSantaCecilia]","datePublished":"2022-01-24T13:38:41+00:00","mainEntityOfPage":{"@id":"https:\/\/guiamais.org\/agenda\/o-que-faz-um-profissional-de-comunicacao-visual-em-santa-cecilia-santo-amaro-santana-bom-retiro-e-jardins-encontrasantacecilia\/"},"wordCount":304,"image":{"@id":"https:\/\/guiamais.org\/agenda\/o-que-faz-um-profissional-de-comunicacao-visual-em-santa-cecilia-santo-amaro-santana-bom-retiro-e-jardins-encontrasantacecilia\/#primaryimage"},"thumbnailUrl":"https:\/\/guiamais.org\/agenda\/wp-content\/uploads\/2019\/11\/comunicacao-visual.jpg","articleSection":["An\u00fancios Gratuitos"],"inLanguage":"pt-BR"},{"@type":"WebPage","@id":"https:\/\/guiamais.org\/agenda\/o-que-faz-um-profissional-de-comunicacao-visual-em-santa-cecilia-santo-amaro-santana-bom-retiro-e-jardins-encontrasantacecilia\/","url":"https:\/\/guiamais.org\/agenda\/o-que-faz-um-profissional-de-comunicacao-visual-em-santa-cecilia-santo-amaro-santana-bom-retiro-e-jardins-encontrasantacecilia\/","name":"O que faz um Profissional de COMUNICA\u00c7\u00c3O VISUAL em Santa Cec\u00edlia, Santo Amaro, Santana, Bom Retiro e Jardins? [EncontraSantaCecilia] &#8212; GuiaMais","isPartOf":{"@id":"https:\/\/guiamais.org\/agenda\/#website"},"primaryImageOfPage":{"@id":"https:\/\/guiamais.org\/agenda\/o-que-faz-um-profissional-de-comunicacao-visual-em-santa-cecilia-santo-amaro-santana-bom-retiro-e-jardins-encontrasantacecilia\/#primaryimage"},"image":{"@id":"https:\/\/guiamais.org\/agenda\/o-que-faz-um-profissional-de-comunicacao-visual-em-santa-cecilia-santo-amaro-santana-bom-retiro-e-jardins-encontrasantacecilia\/#primaryimage"},"thumbnailUrl":"https:\/\/guiamais.org\/agenda\/wp-content\/uploads\/2019\/11\/comunicacao-visual.jpg","datePublished":"2022-01-24T13:38:41+00:00","author":{"@id":"https:\/\/guiamais.org\/agenda\/#\/schema\/person\/125fa6f4730e4266aad9a1e48c4f4e89"},"breadcrumb":{"@id":"https:\/\/guiamais.org\/agenda\/o-que-faz-um-profissional-de-comunicacao-visual-em-santa-cecilia-santo-amaro-santana-bom-retiro-e-jardins-encontrasantacecilia\/#breadcrumb"},"inLanguage":"pt-BR","potentialAction":[{"@type":"ReadAction","target":["https:\/\/guiamais.org\/agenda\/o-que-faz-um-profissional-de-comunicacao-visual-em-santa-cecilia-santo-amaro-santana-bom-retiro-e-jardins-encontrasantacecilia\/"]}]},{"@type":"ImageObject","inLanguage":"pt-BR","@id":"https:\/\/guiamais.org\/agenda\/o-que-faz-um-profissional-de-comunicacao-visual-em-santa-cecilia-santo-amaro-santana-bom-retiro-e-jardins-encontrasantacecilia\/#primaryimage","url":"https:\/\/guiamais.org\/agenda\/wp-content\/uploads\/2019\/11\/comunicacao-visual.jpg","contentUrl":"https:\/\/guiamais.org\/agenda\/wp-content\/uploads\/2019\/11\/comunicacao-visual.jpg","width":908,"height":139},{"@type":"BreadcrumbList","@id":"https:\/\/guiamais.org\/agenda\/o-que-faz-um-profissional-de-comunicacao-visual-em-santa-cecilia-santo-amaro-santana-bom-retiro-e-jardins-encontrasantacecilia\/#breadcrumb","itemListElement":[{"@type":"ListItem","position":1,"name":"In\u00edcio","item":"https:\/\/guiamais.org\/agenda\/"},{"@type":"ListItem","position":2,"name":"O que faz um Profissional de COMUNICA\u00c7\u00c3O VISUAL em Santa Cec\u00edlia, Santo Amaro, Santana, Bom Retiro e Jardins? [EncontraSantaCecilia]"}]},{"@type":"WebSite","@id":"https:\/\/guiamais.org\/agenda\/#website","url":"https:\/\/guiamais.org\/agenda\/","name":"GuiaMais","description":"O jeito mais f\u00e1cil de aparecer na internet","potentialAction":[{"@type":"SearchAction","target":{"@type":"EntryPoint","urlTemplate":"https:\/\/guiamais.org\/agenda\/?s={search_term_string}"},"query-input":{"@type":"PropertyValueSpecification","valueRequired":true,"valueName":"search_term_string"}}],"inLanguage":"pt-BR"},{"@type":"Person","@id":"https:\/\/guiamais.org\/agenda\/#\/schema\/person\/125fa6f4730e4266aad9a1e48c4f4e89","name":"Equipe Guia Mais","image":{"@type":"ImageObject","inLanguage":"pt-BR","@id":"https:\/\/secure.gravatar.com\/avatar\/8ddd357e607cc992c053b2e5dac68c623bd118d89147848d2214c9b705462899?s=96&d=mm&r=g","url":"https:\/\/secure.gravatar.com\/avatar\/8ddd357e607cc992c053b2e5dac68c623bd118d89147848d2214c9b705462899?s=96&d=mm&r=g","contentUrl":"https:\/\/secure.gravatar.com\/avatar\/8ddd357e607cc992c053b2e5dac68c623bd118d89147848d2214c9b705462899?s=96&d=mm&r=g","caption":"Equipe Guia Mais"},"url":"https:\/\/guiamais.org\/agenda\/author\/encontrabrasil\/"}]}},"_links":{"self":[{"href":"https:\/\/guiamais.org\/agenda\/wp-json\/wp\/v2\/posts\/4935","targetHints":{"allow":["GET"]}}],"collection":[{"href":"https:\/\/guiamais.org\/agenda\/wp-json\/wp\/v2\/posts"}],"about":[{"href":"https:\/\/guiamais.org\/agenda\/wp-json\/wp\/v2\/types\/post"}],"author":[{"embeddable":true,"href":"https:\/\/guiamais.org\/agenda\/wp-json\/wp\/v2\/users\/1"}],"replies":[{"embeddable":true,"href":"https:\/\/guiamais.org\/agenda\/wp-json\/wp\/v2\/comments?post=4935"}],"version-history":[{"count":0,"href":"https:\/\/guiamais.org\/agenda\/wp-json\/wp\/v2\/posts\/4935\/revisions"}],"wp:featuredmedia":[{"embeddable":true,"href":"https:\/\/guiamais.org\/agenda\/wp-json\/wp\/v2\/media\/2610"}],"wp:attachment":[{"href":"https:\/\/guiamais.org\/agenda\/wp-json\/wp\/v2\/media?parent=4935"}],"wp:term":[{"taxonomy":"category","embeddable":true,"href":"https:\/\/guiamais.org\/agenda\/wp-json\/wp\/v2\/categories?post=4935"},{"taxonomy":"post_tag","embeddable":true,"href":"https:\/\/guiamais.org\/agenda\/wp-json\/wp\/v2\/tags?post=4935"}],"curies":[{"name":"wp","href":"https:\/\/api.w.org\/{rel}","templated":true}]}}