{"id":4872,"date":"2022-01-13T14:06:44","date_gmt":"2022-01-13T17:06:44","guid":{"rendered":"https:\/\/anunciogratuito.com.br\/?p=4872"},"modified":"2022-01-13T14:06:44","modified_gmt":"2022-01-13T17:06:44","slug":"quais-os-tipo-de-refrigeracao-em-ipanema-flamengo-e-barra-da-tijuca-encontraipanema","status":"publish","type":"post","link":"https:\/\/guiamais.org\/agenda\/quais-os-tipo-de-refrigeracao-em-ipanema-flamengo-e-barra-da-tijuca-encontraipanema\/","title":{"rendered":"Quais os tipo de Refrigera\u00e7\u00e3o em Ipanema, Flamengo e Barra da Tijuca? [EncontraIpanema]"},"content":{"rendered":"<p>A pot\u00eancia necess\u00e1ria de um aparelho de ar condicionado ir\u00e1 depender, dentre outros fatores, do tamanho do local, n\u00famero de pessoas e aparelhos ligados no ambiente (computadores, l\u00e2mpadas, forno, etc.).\u00a0 Imagine que seu carro possui ar-condicionado. \u00c9 natural supor que ele deve ter uma maior capacidade de refrigera\u00e7\u00e3o se ele foi projetado para transportar 7 pessoas ao inv\u00e9s de 2.\u00a0 Assim como, se ele foi feito para um pa\u00eds de maior incid\u00eancia solar, ele dever\u00e1 ser mais potente do que o ar condicionado de um pa\u00eds com menor insola\u00e7\u00e3o para obter a mesma temperatura.\u00a0 Todos esses fatores entram no chamado c\u00e1lculo da carga t\u00e9rmica, sendo essa uma das compet\u00eancias do engenheiro mec\u00e2nico.<\/p>\n<p><a href=\"https:\/\/www.ar-condicionado.net\/cidade\/ar-condicionado-em-rio-de-janeiro-rj\" target=\"_blank\" rel=\"noopener\"><img loading=\"lazy\" decoding=\"async\" class=\"alignnone wp-image-2835 size-full\" src=\"https:\/\/guiamais.org\/agenda\/wp-content\/uploads\/2019\/12\/refrigeracao.jpg\" alt=\"\" width=\"771\" height=\"177\" srcset=\"https:\/\/guiamais.org\/agenda\/wp-content\/uploads\/2019\/12\/refrigeracao.jpg 771w, https:\/\/guiamais.org\/agenda\/wp-content\/uploads\/2019\/12\/refrigeracao-300x69.jpg 300w, https:\/\/guiamais.org\/agenda\/wp-content\/uploads\/2019\/12\/refrigeracao-768x176.jpg 768w\" sizes=\"auto, (max-width: 771px) 100vw, 771px\" \/><\/a><\/p>\n<p><b>Conhe\u00e7a nosso novo anunciante nas categorias:<\/b><\/p>\n<ul>\n<li><a href=\"https:\/\/www.encontraflamengo.com.br\/r\/refrigeracao-no-bairro-flamengo.shtml\" target=\"_blank\" rel=\"noopener\">Refrigera\u00e7\u00e3o no Bairro Flamengo<\/a><\/li>\n<li><a href=\"https:\/\/www.encontraipanema.com.br\/r\/refrigeracao-em-ipanema.shtml\" target=\"_blank\" rel=\"noopener\">Refrigera\u00e7\u00e3o em Ipanema<\/a><\/li>\n<li><a href=\"https:\/\/www.encontrabarradatijuca.com.br\/r\/refrigeracao-na-barra-da-tijuca.shtml\" target=\"_blank\" rel=\"noopener\">Refrigera\u00e7\u00e3o na Barra da Tijuca<\/a><\/li>\n<\/ul>\n<p>Para garantir um ambiente confort\u00e1vel a todos os usu\u00e1rios, ao definir um sistema de climatiza\u00e7\u00e3o \u00e9 preciso considerar a quantidade de pessoas que ir\u00e3o frequentar o local. Por exemplo, em um escrit\u00f3rio, geralmente o n\u00famero de pessoas consiste somente na equipe de trabalho.\u00a0 J\u00e1 em um ambiente que oferece atendimento ao p\u00fablico ou recebe maior quantidade de pessoas diariamente \u00e9 necess\u00e1rio um sistema mais potente ou capaz de refrigerar diversos ambientes ao mesmo tempo. Um dos fatores de maior relev\u00e2ncia na escolha de um sistema de ar condicionado \u00e9 a rela\u00e7\u00e3o custo\/benef\u00edcio proporcionada.<\/p>\n","protected":false},"excerpt":{"rendered":"<p>A pot\u00eancia necess\u00e1ria de um aparelho de ar condicionado ir\u00e1 depender, dentre outros fatores, do tamanho do local, n\u00famero de pessoas e aparelhos ligados no ambiente (computadores, l\u00e2mpadas, forno, etc.).\u00a0 Imagine que seu carro possui ar-condicionado. \u00c9 natural supor que ele deve ter uma maior capacidade de refrigera\u00e7\u00e3o se ele foi projetado para transportar 7 [&hellip;]<\/p>\n","protected":false},"author":1,"featured_media":2835,"comment_status":"closed","ping_status":"closed","sticky":false,"template":"","format":"standard","meta":{"sfsi_plus_gutenberg_text_before_share":"","sfsi_plus_gutenberg_show_text_before_share":"","sfsi_plus_gutenberg_icon_type":"","sfsi_plus_gutenberg_icon_alignemt":"","sfsi_plus_gutenburg_max_per_row":"","footnotes":""},"categories":[6],"tags":[],"class_list":["post-4872","post","type-post","status-publish","format-standard","has-post-thumbnail","hentry","category-anuncios-gratuitos"],"blocksy_meta":[],"yoast_head":"<!-- This site is optimized with the Yoast SEO plugin v27.3 - https:\/\/yoast.com\/product\/yoast-seo-wordpress\/ -->\n<title>Quais os tipo de Refrigera\u00e7\u00e3o em Ipanema, Flamengo e Barra da Tijuca? [EncontraIpanema] &#8212; GuiaMais<\/title>\n<meta name=\"robots\" content=\"index, follow, max-snippet:-1, max-image-preview:large, max-video-preview:-1\" \/>\n<link rel=\"canonical\" href=\"https:\/\/guiamais.org\/agenda\/quais-os-tipo-de-refrigeracao-em-ipanema-flamengo-e-barra-da-tijuca-encontraipanema\/\" \/>\n<meta property=\"og:locale\" content=\"pt_BR\" \/>\n<meta property=\"og:type\" content=\"article\" \/>\n<meta property=\"og:title\" content=\"Quais os tipo de Refrigera\u00e7\u00e3o em Ipanema, Flamengo e Barra da Tijuca? [EncontraIpanema] &#8212; GuiaMais\" \/>\n<meta property=\"og:description\" content=\"A pot\u00eancia necess\u00e1ria de um aparelho de ar condicionado ir\u00e1 depender, dentre outros fatores, do tamanho do local, n\u00famero de pessoas e aparelhos ligados no ambiente (computadores, l\u00e2mpadas, forno, etc.).\u00a0 Imagine que seu carro possui ar-condicionado. \u00c9 natural supor que ele deve ter uma maior capacidade de refrigera\u00e7\u00e3o se ele foi projetado para transportar 7 [&hellip;]\" \/>\n<meta property=\"og:url\" content=\"https:\/\/guiamais.org\/agenda\/quais-os-tipo-de-refrigeracao-em-ipanema-flamengo-e-barra-da-tijuca-encontraipanema\/\" \/>\n<meta property=\"og:site_name\" content=\"GuiaMais\" \/>\n<meta property=\"article:published_time\" content=\"2022-01-13T17:06:44+00:00\" \/>\n<meta property=\"og:image\" content=\"https:\/\/guiamais.org\/agenda\/wp-content\/uploads\/2019\/12\/refrigeracao.jpg\" \/>\n\t<meta property=\"og:image:width\" content=\"771\" \/>\n\t<meta property=\"og:image:height\" content=\"177\" \/>\n\t<meta property=\"og:image:type\" content=\"image\/jpeg\" \/>\n<meta name=\"author\" content=\"Equipe Guia Mais\" \/>\n<meta name=\"twitter:card\" content=\"summary_large_image\" \/>\n<meta name=\"twitter:label1\" content=\"Escrito por\" \/>\n\t<meta name=\"twitter:data1\" content=\"Equipe Guia Mais\" \/>\n\t<meta name=\"twitter:label2\" content=\"Est. tempo de leitura\" \/>\n\t<meta name=\"twitter:data2\" content=\"2 minutos\" \/>\n<script type=\"application\/ld+json\" class=\"yoast-schema-graph\">{\"@context\":\"https:\\\/\\\/schema.org\",\"@graph\":[{\"@type\":\"Article\",\"@id\":\"https:\\\/\\\/guiamais.org\\\/agenda\\\/quais-os-tipo-de-refrigeracao-em-ipanema-flamengo-e-barra-da-tijuca-encontraipanema\\\/#article\",\"isPartOf\":{\"@id\":\"https:\\\/\\\/guiamais.org\\\/agenda\\\/quais-os-tipo-de-refrigeracao-em-ipanema-flamengo-e-barra-da-tijuca-encontraipanema\\\/\"},\"author\":{\"name\":\"Equipe Guia Mais\",\"@id\":\"https:\\\/\\\/guiamais.org\\\/agenda\\\/#\\\/schema\\\/person\\\/125fa6f4730e4266aad9a1e48c4f4e89\"},\"headline\":\"Quais os tipo de Refrigera\u00e7\u00e3o em Ipanema, Flamengo e Barra da Tijuca? [EncontraIpanema]\",\"datePublished\":\"2022-01-13T17:06:44+00:00\",\"mainEntityOfPage\":{\"@id\":\"https:\\\/\\\/guiamais.org\\\/agenda\\\/quais-os-tipo-de-refrigeracao-em-ipanema-flamengo-e-barra-da-tijuca-encontraipanema\\\/\"},\"wordCount\":261,\"image\":{\"@id\":\"https:\\\/\\\/guiamais.org\\\/agenda\\\/quais-os-tipo-de-refrigeracao-em-ipanema-flamengo-e-barra-da-tijuca-encontraipanema\\\/#primaryimage\"},\"thumbnailUrl\":\"https:\\\/\\\/guiamais.org\\\/agenda\\\/wp-content\\\/uploads\\\/2019\\\/12\\\/refrigeracao.jpg\",\"articleSection\":[\"An\u00fancios Gratuitos\"],\"inLanguage\":\"pt-BR\"},{\"@type\":\"WebPage\",\"@id\":\"https:\\\/\\\/guiamais.org\\\/agenda\\\/quais-os-tipo-de-refrigeracao-em-ipanema-flamengo-e-barra-da-tijuca-encontraipanema\\\/\",\"url\":\"https:\\\/\\\/guiamais.org\\\/agenda\\\/quais-os-tipo-de-refrigeracao-em-ipanema-flamengo-e-barra-da-tijuca-encontraipanema\\\/\",\"name\":\"Quais os tipo de Refrigera\u00e7\u00e3o em Ipanema, Flamengo e Barra da Tijuca? [EncontraIpanema] &#8212; GuiaMais\",\"isPartOf\":{\"@id\":\"https:\\\/\\\/guiamais.org\\\/agenda\\\/#website\"},\"primaryImageOfPage\":{\"@id\":\"https:\\\/\\\/guiamais.org\\\/agenda\\\/quais-os-tipo-de-refrigeracao-em-ipanema-flamengo-e-barra-da-tijuca-encontraipanema\\\/#primaryimage\"},\"image\":{\"@id\":\"https:\\\/\\\/guiamais.org\\\/agenda\\\/quais-os-tipo-de-refrigeracao-em-ipanema-flamengo-e-barra-da-tijuca-encontraipanema\\\/#primaryimage\"},\"thumbnailUrl\":\"https:\\\/\\\/guiamais.org\\\/agenda\\\/wp-content\\\/uploads\\\/2019\\\/12\\\/refrigeracao.jpg\",\"datePublished\":\"2022-01-13T17:06:44+00:00\",\"author\":{\"@id\":\"https:\\\/\\\/guiamais.org\\\/agenda\\\/#\\\/schema\\\/person\\\/125fa6f4730e4266aad9a1e48c4f4e89\"},\"breadcrumb\":{\"@id\":\"https:\\\/\\\/guiamais.org\\\/agenda\\\/quais-os-tipo-de-refrigeracao-em-ipanema-flamengo-e-barra-da-tijuca-encontraipanema\\\/#breadcrumb\"},\"inLanguage\":\"pt-BR\",\"potentialAction\":[{\"@type\":\"ReadAction\",\"target\":[\"https:\\\/\\\/guiamais.org\\\/agenda\\\/quais-os-tipo-de-refrigeracao-em-ipanema-flamengo-e-barra-da-tijuca-encontraipanema\\\/\"]}]},{\"@type\":\"ImageObject\",\"inLanguage\":\"pt-BR\",\"@id\":\"https:\\\/\\\/guiamais.org\\\/agenda\\\/quais-os-tipo-de-refrigeracao-em-ipanema-flamengo-e-barra-da-tijuca-encontraipanema\\\/#primaryimage\",\"url\":\"https:\\\/\\\/guiamais.org\\\/agenda\\\/wp-content\\\/uploads\\\/2019\\\/12\\\/refrigeracao.jpg\",\"contentUrl\":\"https:\\\/\\\/guiamais.org\\\/agenda\\\/wp-content\\\/uploads\\\/2019\\\/12\\\/refrigeracao.jpg\",\"width\":771,\"height\":177},{\"@type\":\"BreadcrumbList\",\"@id\":\"https:\\\/\\\/guiamais.org\\\/agenda\\\/quais-os-tipo-de-refrigeracao-em-ipanema-flamengo-e-barra-da-tijuca-encontraipanema\\\/#breadcrumb\",\"itemListElement\":[{\"@type\":\"ListItem\",\"position\":1,\"name\":\"In\u00edcio\",\"item\":\"https:\\\/\\\/guiamais.org\\\/agenda\\\/\"},{\"@type\":\"ListItem\",\"position\":2,\"name\":\"Quais os tipo de Refrigera\u00e7\u00e3o em Ipanema, Flamengo e Barra da Tijuca? [EncontraIpanema]\"}]},{\"@type\":\"WebSite\",\"@id\":\"https:\\\/\\\/guiamais.org\\\/agenda\\\/#website\",\"url\":\"https:\\\/\\\/guiamais.org\\\/agenda\\\/\",\"name\":\"GuiaMais\",\"description\":\"O jeito mais f\u00e1cil de aparecer na internet\",\"potentialAction\":[{\"@type\":\"SearchAction\",\"target\":{\"@type\":\"EntryPoint\",\"urlTemplate\":\"https:\\\/\\\/guiamais.org\\\/agenda\\\/?s={search_term_string}\"},\"query-input\":{\"@type\":\"PropertyValueSpecification\",\"valueRequired\":true,\"valueName\":\"search_term_string\"}}],\"inLanguage\":\"pt-BR\"},{\"@type\":\"Person\",\"@id\":\"https:\\\/\\\/guiamais.org\\\/agenda\\\/#\\\/schema\\\/person\\\/125fa6f4730e4266aad9a1e48c4f4e89\",\"name\":\"Equipe Guia Mais\",\"image\":{\"@type\":\"ImageObject\",\"inLanguage\":\"pt-BR\",\"@id\":\"https:\\\/\\\/secure.gravatar.com\\\/avatar\\\/8ddd357e607cc992c053b2e5dac68c623bd118d89147848d2214c9b705462899?s=96&d=mm&r=g\",\"url\":\"https:\\\/\\\/secure.gravatar.com\\\/avatar\\\/8ddd357e607cc992c053b2e5dac68c623bd118d89147848d2214c9b705462899?s=96&d=mm&r=g\",\"contentUrl\":\"https:\\\/\\\/secure.gravatar.com\\\/avatar\\\/8ddd357e607cc992c053b2e5dac68c623bd118d89147848d2214c9b705462899?s=96&d=mm&r=g\",\"caption\":\"Equipe Guia Mais\"},\"url\":\"https:\\\/\\\/guiamais.org\\\/agenda\\\/author\\\/encontrabrasil\\\/\"}]}<\/script>\n<!-- \/ Yoast SEO plugin. -->","yoast_head_json":{"title":"Quais os tipo de Refrigera\u00e7\u00e3o em Ipanema, Flamengo e Barra da Tijuca? [EncontraIpanema] &#8212; GuiaMais","robots":{"index":"index","follow":"follow","max-snippet":"max-snippet:-1","max-image-preview":"max-image-preview:large","max-video-preview":"max-video-preview:-1"},"canonical":"https:\/\/guiamais.org\/agenda\/quais-os-tipo-de-refrigeracao-em-ipanema-flamengo-e-barra-da-tijuca-encontraipanema\/","og_locale":"pt_BR","og_type":"article","og_title":"Quais os tipo de Refrigera\u00e7\u00e3o em Ipanema, Flamengo e Barra da Tijuca? [EncontraIpanema] &#8212; GuiaMais","og_description":"A pot\u00eancia necess\u00e1ria de um aparelho de ar condicionado ir\u00e1 depender, dentre outros fatores, do tamanho do local, n\u00famero de pessoas e aparelhos ligados no ambiente (computadores, l\u00e2mpadas, forno, etc.).\u00a0 Imagine que seu carro possui ar-condicionado. \u00c9 natural supor que ele deve ter uma maior capacidade de refrigera\u00e7\u00e3o se ele foi projetado para transportar 7 [&hellip;]","og_url":"https:\/\/guiamais.org\/agenda\/quais-os-tipo-de-refrigeracao-em-ipanema-flamengo-e-barra-da-tijuca-encontraipanema\/","og_site_name":"GuiaMais","article_published_time":"2022-01-13T17:06:44+00:00","og_image":[{"width":771,"height":177,"url":"https:\/\/guiamais.org\/agenda\/wp-content\/uploads\/2019\/12\/refrigeracao.jpg","type":"image\/jpeg"}],"author":"Equipe Guia Mais","twitter_card":"summary_large_image","twitter_misc":{"Escrito por":"Equipe Guia Mais","Est. tempo de leitura":"2 minutos"},"schema":{"@context":"https:\/\/schema.org","@graph":[{"@type":"Article","@id":"https:\/\/guiamais.org\/agenda\/quais-os-tipo-de-refrigeracao-em-ipanema-flamengo-e-barra-da-tijuca-encontraipanema\/#article","isPartOf":{"@id":"https:\/\/guiamais.org\/agenda\/quais-os-tipo-de-refrigeracao-em-ipanema-flamengo-e-barra-da-tijuca-encontraipanema\/"},"author":{"name":"Equipe Guia Mais","@id":"https:\/\/guiamais.org\/agenda\/#\/schema\/person\/125fa6f4730e4266aad9a1e48c4f4e89"},"headline":"Quais os tipo de Refrigera\u00e7\u00e3o em Ipanema, Flamengo e Barra da Tijuca? [EncontraIpanema]","datePublished":"2022-01-13T17:06:44+00:00","mainEntityOfPage":{"@id":"https:\/\/guiamais.org\/agenda\/quais-os-tipo-de-refrigeracao-em-ipanema-flamengo-e-barra-da-tijuca-encontraipanema\/"},"wordCount":261,"image":{"@id":"https:\/\/guiamais.org\/agenda\/quais-os-tipo-de-refrigeracao-em-ipanema-flamengo-e-barra-da-tijuca-encontraipanema\/#primaryimage"},"thumbnailUrl":"https:\/\/guiamais.org\/agenda\/wp-content\/uploads\/2019\/12\/refrigeracao.jpg","articleSection":["An\u00fancios Gratuitos"],"inLanguage":"pt-BR"},{"@type":"WebPage","@id":"https:\/\/guiamais.org\/agenda\/quais-os-tipo-de-refrigeracao-em-ipanema-flamengo-e-barra-da-tijuca-encontraipanema\/","url":"https:\/\/guiamais.org\/agenda\/quais-os-tipo-de-refrigeracao-em-ipanema-flamengo-e-barra-da-tijuca-encontraipanema\/","name":"Quais os tipo de Refrigera\u00e7\u00e3o em Ipanema, Flamengo e Barra da Tijuca? [EncontraIpanema] &#8212; GuiaMais","isPartOf":{"@id":"https:\/\/guiamais.org\/agenda\/#website"},"primaryImageOfPage":{"@id":"https:\/\/guiamais.org\/agenda\/quais-os-tipo-de-refrigeracao-em-ipanema-flamengo-e-barra-da-tijuca-encontraipanema\/#primaryimage"},"image":{"@id":"https:\/\/guiamais.org\/agenda\/quais-os-tipo-de-refrigeracao-em-ipanema-flamengo-e-barra-da-tijuca-encontraipanema\/#primaryimage"},"thumbnailUrl":"https:\/\/guiamais.org\/agenda\/wp-content\/uploads\/2019\/12\/refrigeracao.jpg","datePublished":"2022-01-13T17:06:44+00:00","author":{"@id":"https:\/\/guiamais.org\/agenda\/#\/schema\/person\/125fa6f4730e4266aad9a1e48c4f4e89"},"breadcrumb":{"@id":"https:\/\/guiamais.org\/agenda\/quais-os-tipo-de-refrigeracao-em-ipanema-flamengo-e-barra-da-tijuca-encontraipanema\/#breadcrumb"},"inLanguage":"pt-BR","potentialAction":[{"@type":"ReadAction","target":["https:\/\/guiamais.org\/agenda\/quais-os-tipo-de-refrigeracao-em-ipanema-flamengo-e-barra-da-tijuca-encontraipanema\/"]}]},{"@type":"ImageObject","inLanguage":"pt-BR","@id":"https:\/\/guiamais.org\/agenda\/quais-os-tipo-de-refrigeracao-em-ipanema-flamengo-e-barra-da-tijuca-encontraipanema\/#primaryimage","url":"https:\/\/guiamais.org\/agenda\/wp-content\/uploads\/2019\/12\/refrigeracao.jpg","contentUrl":"https:\/\/guiamais.org\/agenda\/wp-content\/uploads\/2019\/12\/refrigeracao.jpg","width":771,"height":177},{"@type":"BreadcrumbList","@id":"https:\/\/guiamais.org\/agenda\/quais-os-tipo-de-refrigeracao-em-ipanema-flamengo-e-barra-da-tijuca-encontraipanema\/#breadcrumb","itemListElement":[{"@type":"ListItem","position":1,"name":"In\u00edcio","item":"https:\/\/guiamais.org\/agenda\/"},{"@type":"ListItem","position":2,"name":"Quais os tipo de Refrigera\u00e7\u00e3o em Ipanema, Flamengo e Barra da Tijuca? [EncontraIpanema]"}]},{"@type":"WebSite","@id":"https:\/\/guiamais.org\/agenda\/#website","url":"https:\/\/guiamais.org\/agenda\/","name":"GuiaMais","description":"O jeito mais f\u00e1cil de aparecer na internet","potentialAction":[{"@type":"SearchAction","target":{"@type":"EntryPoint","urlTemplate":"https:\/\/guiamais.org\/agenda\/?s={search_term_string}"},"query-input":{"@type":"PropertyValueSpecification","valueRequired":true,"valueName":"search_term_string"}}],"inLanguage":"pt-BR"},{"@type":"Person","@id":"https:\/\/guiamais.org\/agenda\/#\/schema\/person\/125fa6f4730e4266aad9a1e48c4f4e89","name":"Equipe Guia Mais","image":{"@type":"ImageObject","inLanguage":"pt-BR","@id":"https:\/\/secure.gravatar.com\/avatar\/8ddd357e607cc992c053b2e5dac68c623bd118d89147848d2214c9b705462899?s=96&d=mm&r=g","url":"https:\/\/secure.gravatar.com\/avatar\/8ddd357e607cc992c053b2e5dac68c623bd118d89147848d2214c9b705462899?s=96&d=mm&r=g","contentUrl":"https:\/\/secure.gravatar.com\/avatar\/8ddd357e607cc992c053b2e5dac68c623bd118d89147848d2214c9b705462899?s=96&d=mm&r=g","caption":"Equipe Guia Mais"},"url":"https:\/\/guiamais.org\/agenda\/author\/encontrabrasil\/"}]}},"_links":{"self":[{"href":"https:\/\/guiamais.org\/agenda\/wp-json\/wp\/v2\/posts\/4872","targetHints":{"allow":["GET"]}}],"collection":[{"href":"https:\/\/guiamais.org\/agenda\/wp-json\/wp\/v2\/posts"}],"about":[{"href":"https:\/\/guiamais.org\/agenda\/wp-json\/wp\/v2\/types\/post"}],"author":[{"embeddable":true,"href":"https:\/\/guiamais.org\/agenda\/wp-json\/wp\/v2\/users\/1"}],"replies":[{"embeddable":true,"href":"https:\/\/guiamais.org\/agenda\/wp-json\/wp\/v2\/comments?post=4872"}],"version-history":[{"count":0,"href":"https:\/\/guiamais.org\/agenda\/wp-json\/wp\/v2\/posts\/4872\/revisions"}],"wp:featuredmedia":[{"embeddable":true,"href":"https:\/\/guiamais.org\/agenda\/wp-json\/wp\/v2\/media\/2835"}],"wp:attachment":[{"href":"https:\/\/guiamais.org\/agenda\/wp-json\/wp\/v2\/media?parent=4872"}],"wp:term":[{"taxonomy":"category","embeddable":true,"href":"https:\/\/guiamais.org\/agenda\/wp-json\/wp\/v2\/categories?post=4872"},{"taxonomy":"post_tag","embeddable":true,"href":"https:\/\/guiamais.org\/agenda\/wp-json\/wp\/v2\/tags?post=4872"}],"curies":[{"name":"wp","href":"https:\/\/api.w.org\/{rel}","templated":true}]}}