{"id":4817,"date":"2021-12-08T17:28:29","date_gmt":"2021-12-08T20:28:29","guid":{"rendered":"https:\/\/anunciogratuito.com.br\/?p=4817"},"modified":"2021-12-08T17:28:29","modified_gmt":"2021-12-08T20:28:29","slug":"quando-escolher-uma-vidracaria-em-alphaville-santana-de-parnaiba-e-carapicuiba-encontraalphaville","status":"publish","type":"post","link":"https:\/\/guiamais.org\/agenda\/quando-escolher-uma-vidracaria-em-alphaville-santana-de-parnaiba-e-carapicuiba-encontraalphaville\/","title":{"rendered":"Quando escolher uma Vidra\u00e7aria em Alphaville, Santana de Parna\u00edba e Carapicu\u00edba? [EncontraAlphaville]"},"content":{"rendered":"<div>\n<div>As vidra\u00e7arias s\u00e3o empresas especializadas na fabrica\u00e7\u00e3o de vidro de diversos tipos, como o vidro temperado, vidro laminado e o vidro aramado, comumente utilizados na constru\u00e7\u00e3o civil e na ind\u00fastria automotiva.O vidraceiro tamb\u00e9m oferece o servi\u00e7o de instala\u00e7\u00e3o de box para banheiro, cortina de vidro para varandas, guarda corpo, divis\u00f3ria de vidro, envidra\u00e7amento de sacadas e aplica\u00e7\u00e3o da pele de vidro, t\u00e9cnica utilizada para revestimento de fachadas em vidro. Os vidros tamb\u00e9m s\u00e3o utilizados na decora\u00e7\u00e3o de im\u00f3veis em itens como porta de vidro, janela de vidro, esquadrias, espelhos, prateleiras, tampo de mesa, corrim\u00e3o de vidro e outros acess\u00f3rios de vidro. Os vidraceiros tamb\u00e9m realizam acabamento decorativo em superf\u00edcies de vidro, como jateamento de vidro com areia, bisot\u00eas, pinturas, impress\u00e3o digital em vidro, lapida\u00e7\u00e3o, polimento e desbaste.<\/div>\n<div><\/div>\n<div>Em alguns locais, ainda s\u00e3o oferecidos servi\u00e7os de instala\u00e7\u00e3o de box para banheiro, cortina de vidro para varandas, guarda corpo, divis\u00f3ria de vidro, envidra\u00e7amento de sacadas e aplica\u00e7\u00e3o da pele de vidro, t\u00e9cnica utilizada para revestimento de fachadas. Essa variedade de utiliza\u00e7\u00e3o elevou o movimento de clientes nas vidra\u00e7arias, que s\u00e3o empresas especializadas na fabrica\u00e7\u00e3o de vidro de diversos tipos, como o vidro temperado, vidro laminado e o vidro aramado, frequentemente utilizados na constru\u00e7\u00e3o civil e na ind\u00fastria automotiva. Deixe seus espa\u00e7os com muito mais luz e mais bonitos! O uso do vidro e do espelho na decora\u00e7\u00e3o de resid\u00eancias e ambientes corporativos est\u00e1 em alta. Nos \u00faltimos anos, o vidro tornou-se um elemento indispens\u00e1vel para compor projetos de constru\u00e7\u00e3o civil de forma harm\u00f4nica e com uma infinidade de varia\u00e7\u00f5es est\u00e9ticas, sendo usado para v\u00e1rias fun\u00e7\u00f5es na ambienta\u00e7\u00e3o de casas, escrit\u00f3rios e lojas comerciais. Dependendo da especializa\u00e7\u00e3o do neg\u00f3cio, tamb\u00e9m podem ser realizados trabalhos de jateamento de vidro com areia, lamina\u00e7\u00e3o e pintura.<\/div>\n<div><\/div>\n<\/div>\n<div><a href=\"https:\/\/www.vidracarias.net\/guia\/vidracaria\" target=\"_blank\" rel=\"noopener\"><img loading=\"lazy\" decoding=\"async\" class=\"alignnone wp-image-947 size-full\" src=\"https:\/\/guiamais.org\/agenda\/wp-content\/uploads\/2019\/04\/vidracaria.jpg\" alt=\"\" width=\"541\" height=\"191\" srcset=\"https:\/\/guiamais.org\/agenda\/wp-content\/uploads\/2019\/04\/vidracaria.jpg 541w, https:\/\/guiamais.org\/agenda\/wp-content\/uploads\/2019\/04\/vidracaria-300x106.jpg 300w\" sizes=\"auto, (max-width: 541px) 100vw, 541px\" \/><\/a><\/div>\n<div><b>Conhe\u00e7a nosso novo anunciante nas categorias:<\/b><\/div>\n<ul>\n<li><a href=\"https:\/\/www.encontraalphaville.com.br\/v\/vidracaria-em-alphaville.shtml\" target=\"_blank\" rel=\"noopener\">Vidra\u00e7aria em Alphaville<\/a><\/li>\n<li><a href=\"https:\/\/www.encontrasantanadeparnaiba.com.br\/v\/vidracaria-em-santana-de-parnaiba.shtml\" target=\"_blank\" rel=\"noopener\">Vidra\u00e7aria em Santana de Parna\u00edba<\/a><\/li>\n<li><a href=\"https:\/\/www.encontracarapicuiba.com.br\/v\/vidracaria-em-carapicuiba.shtml\" target=\"_blank\" rel=\"noopener\">Vidra\u00e7aria em Carapicu\u00edba<\/a><\/li>\n<\/ul>\n","protected":false},"excerpt":{"rendered":"<p>As vidra\u00e7arias s\u00e3o empresas especializadas na fabrica\u00e7\u00e3o de vidro de diversos tipos, como o vidro temperado, vidro laminado e o vidro aramado, comumente utilizados na constru\u00e7\u00e3o civil e na ind\u00fastria automotiva.O vidraceiro tamb\u00e9m oferece o servi\u00e7o de instala\u00e7\u00e3o de box para banheiro, cortina de vidro para varandas, guarda corpo, divis\u00f3ria de vidro, envidra\u00e7amento de sacadas [&hellip;]<\/p>\n","protected":false},"author":1,"featured_media":2026,"comment_status":"closed","ping_status":"closed","sticky":false,"template":"","format":"standard","meta":{"sfsi_plus_gutenberg_text_before_share":"","sfsi_plus_gutenberg_show_text_before_share":"","sfsi_plus_gutenberg_icon_type":"","sfsi_plus_gutenberg_icon_alignemt":"","sfsi_plus_gutenburg_max_per_row":"","footnotes":""},"categories":[6],"tags":[],"class_list":["post-4817","post","type-post","status-publish","format-standard","has-post-thumbnail","hentry","category-anuncios-gratuitos"],"blocksy_meta":[],"yoast_head":"<!-- This site is optimized with the Yoast SEO plugin v27.3 - https:\/\/yoast.com\/product\/yoast-seo-wordpress\/ -->\n<title>Quando escolher uma Vidra\u00e7aria em Alphaville, Santana de Parna\u00edba e Carapicu\u00edba? [EncontraAlphaville] &#8212; GuiaMais<\/title>\n<meta name=\"robots\" content=\"index, follow, max-snippet:-1, max-image-preview:large, max-video-preview:-1\" \/>\n<link rel=\"canonical\" href=\"https:\/\/guiamais.org\/agenda\/quando-escolher-uma-vidracaria-em-alphaville-santana-de-parnaiba-e-carapicuiba-encontraalphaville\/\" \/>\n<meta property=\"og:locale\" content=\"pt_BR\" \/>\n<meta property=\"og:type\" content=\"article\" \/>\n<meta property=\"og:title\" content=\"Quando escolher uma Vidra\u00e7aria em Alphaville, Santana de Parna\u00edba e Carapicu\u00edba? [EncontraAlphaville] &#8212; GuiaMais\" \/>\n<meta property=\"og:description\" content=\"As vidra\u00e7arias s\u00e3o empresas especializadas na fabrica\u00e7\u00e3o de vidro de diversos tipos, como o vidro temperado, vidro laminado e o vidro aramado, comumente utilizados na constru\u00e7\u00e3o civil e na ind\u00fastria automotiva.O vidraceiro tamb\u00e9m oferece o servi\u00e7o de instala\u00e7\u00e3o de box para banheiro, cortina de vidro para varandas, guarda corpo, divis\u00f3ria de vidro, envidra\u00e7amento de sacadas [&hellip;]\" \/>\n<meta property=\"og:url\" content=\"https:\/\/guiamais.org\/agenda\/quando-escolher-uma-vidracaria-em-alphaville-santana-de-parnaiba-e-carapicuiba-encontraalphaville\/\" \/>\n<meta property=\"og:site_name\" content=\"GuiaMais\" \/>\n<meta property=\"article:published_time\" content=\"2021-12-08T20:28:29+00:00\" \/>\n<meta property=\"og:image\" content=\"https:\/\/guiamais.org\/agenda\/wp-content\/uploads\/2019\/08\/vidracaria-2.jpg\" \/>\n\t<meta property=\"og:image:width\" content=\"450\" \/>\n\t<meta property=\"og:image:height\" content=\"300\" \/>\n\t<meta property=\"og:image:type\" content=\"image\/jpeg\" \/>\n<meta name=\"author\" content=\"Equipe Guia Mais\" \/>\n<meta name=\"twitter:card\" content=\"summary_large_image\" \/>\n<meta name=\"twitter:label1\" content=\"Escrito por\" \/>\n\t<meta name=\"twitter:data1\" content=\"Equipe Guia Mais\" \/>\n\t<meta name=\"twitter:label2\" content=\"Est. tempo de leitura\" \/>\n\t<meta name=\"twitter:data2\" content=\"2 minutos\" \/>\n<script type=\"application\/ld+json\" class=\"yoast-schema-graph\">{\"@context\":\"https:\\\/\\\/schema.org\",\"@graph\":[{\"@type\":\"Article\",\"@id\":\"https:\\\/\\\/guiamais.org\\\/agenda\\\/quando-escolher-uma-vidracaria-em-alphaville-santana-de-parnaiba-e-carapicuiba-encontraalphaville\\\/#article\",\"isPartOf\":{\"@id\":\"https:\\\/\\\/guiamais.org\\\/agenda\\\/quando-escolher-uma-vidracaria-em-alphaville-santana-de-parnaiba-e-carapicuiba-encontraalphaville\\\/\"},\"author\":{\"name\":\"Equipe Guia Mais\",\"@id\":\"https:\\\/\\\/guiamais.org\\\/agenda\\\/#\\\/schema\\\/person\\\/125fa6f4730e4266aad9a1e48c4f4e89\"},\"headline\":\"Quando escolher uma Vidra\u00e7aria em Alphaville, Santana de Parna\u00edba e Carapicu\u00edba? [EncontraAlphaville]\",\"datePublished\":\"2021-12-08T20:28:29+00:00\",\"mainEntityOfPage\":{\"@id\":\"https:\\\/\\\/guiamais.org\\\/agenda\\\/quando-escolher-uma-vidracaria-em-alphaville-santana-de-parnaiba-e-carapicuiba-encontraalphaville\\\/\"},\"wordCount\":381,\"image\":{\"@id\":\"https:\\\/\\\/guiamais.org\\\/agenda\\\/quando-escolher-uma-vidracaria-em-alphaville-santana-de-parnaiba-e-carapicuiba-encontraalphaville\\\/#primaryimage\"},\"thumbnailUrl\":\"https:\\\/\\\/guiamais.org\\\/agenda\\\/wp-content\\\/uploads\\\/2019\\\/08\\\/vidracaria-2.jpg\",\"articleSection\":[\"An\u00fancios Gratuitos\"],\"inLanguage\":\"pt-BR\"},{\"@type\":\"WebPage\",\"@id\":\"https:\\\/\\\/guiamais.org\\\/agenda\\\/quando-escolher-uma-vidracaria-em-alphaville-santana-de-parnaiba-e-carapicuiba-encontraalphaville\\\/\",\"url\":\"https:\\\/\\\/guiamais.org\\\/agenda\\\/quando-escolher-uma-vidracaria-em-alphaville-santana-de-parnaiba-e-carapicuiba-encontraalphaville\\\/\",\"name\":\"Quando escolher uma Vidra\u00e7aria em Alphaville, Santana de Parna\u00edba e Carapicu\u00edba? [EncontraAlphaville] &#8212; GuiaMais\",\"isPartOf\":{\"@id\":\"https:\\\/\\\/guiamais.org\\\/agenda\\\/#website\"},\"primaryImageOfPage\":{\"@id\":\"https:\\\/\\\/guiamais.org\\\/agenda\\\/quando-escolher-uma-vidracaria-em-alphaville-santana-de-parnaiba-e-carapicuiba-encontraalphaville\\\/#primaryimage\"},\"image\":{\"@id\":\"https:\\\/\\\/guiamais.org\\\/agenda\\\/quando-escolher-uma-vidracaria-em-alphaville-santana-de-parnaiba-e-carapicuiba-encontraalphaville\\\/#primaryimage\"},\"thumbnailUrl\":\"https:\\\/\\\/guiamais.org\\\/agenda\\\/wp-content\\\/uploads\\\/2019\\\/08\\\/vidracaria-2.jpg\",\"datePublished\":\"2021-12-08T20:28:29+00:00\",\"author\":{\"@id\":\"https:\\\/\\\/guiamais.org\\\/agenda\\\/#\\\/schema\\\/person\\\/125fa6f4730e4266aad9a1e48c4f4e89\"},\"breadcrumb\":{\"@id\":\"https:\\\/\\\/guiamais.org\\\/agenda\\\/quando-escolher-uma-vidracaria-em-alphaville-santana-de-parnaiba-e-carapicuiba-encontraalphaville\\\/#breadcrumb\"},\"inLanguage\":\"pt-BR\",\"potentialAction\":[{\"@type\":\"ReadAction\",\"target\":[\"https:\\\/\\\/guiamais.org\\\/agenda\\\/quando-escolher-uma-vidracaria-em-alphaville-santana-de-parnaiba-e-carapicuiba-encontraalphaville\\\/\"]}]},{\"@type\":\"ImageObject\",\"inLanguage\":\"pt-BR\",\"@id\":\"https:\\\/\\\/guiamais.org\\\/agenda\\\/quando-escolher-uma-vidracaria-em-alphaville-santana-de-parnaiba-e-carapicuiba-encontraalphaville\\\/#primaryimage\",\"url\":\"https:\\\/\\\/guiamais.org\\\/agenda\\\/wp-content\\\/uploads\\\/2019\\\/08\\\/vidracaria-2.jpg\",\"contentUrl\":\"https:\\\/\\\/guiamais.org\\\/agenda\\\/wp-content\\\/uploads\\\/2019\\\/08\\\/vidracaria-2.jpg\",\"width\":450,\"height\":300},{\"@type\":\"BreadcrumbList\",\"@id\":\"https:\\\/\\\/guiamais.org\\\/agenda\\\/quando-escolher-uma-vidracaria-em-alphaville-santana-de-parnaiba-e-carapicuiba-encontraalphaville\\\/#breadcrumb\",\"itemListElement\":[{\"@type\":\"ListItem\",\"position\":1,\"name\":\"In\u00edcio\",\"item\":\"https:\\\/\\\/guiamais.org\\\/agenda\\\/\"},{\"@type\":\"ListItem\",\"position\":2,\"name\":\"Quando escolher uma Vidra\u00e7aria em Alphaville, Santana de Parna\u00edba e Carapicu\u00edba? [EncontraAlphaville]\"}]},{\"@type\":\"WebSite\",\"@id\":\"https:\\\/\\\/guiamais.org\\\/agenda\\\/#website\",\"url\":\"https:\\\/\\\/guiamais.org\\\/agenda\\\/\",\"name\":\"GuiaMais\",\"description\":\"O jeito mais f\u00e1cil de aparecer na internet\",\"potentialAction\":[{\"@type\":\"SearchAction\",\"target\":{\"@type\":\"EntryPoint\",\"urlTemplate\":\"https:\\\/\\\/guiamais.org\\\/agenda\\\/?s={search_term_string}\"},\"query-input\":{\"@type\":\"PropertyValueSpecification\",\"valueRequired\":true,\"valueName\":\"search_term_string\"}}],\"inLanguage\":\"pt-BR\"},{\"@type\":\"Person\",\"@id\":\"https:\\\/\\\/guiamais.org\\\/agenda\\\/#\\\/schema\\\/person\\\/125fa6f4730e4266aad9a1e48c4f4e89\",\"name\":\"Equipe Guia Mais\",\"image\":{\"@type\":\"ImageObject\",\"inLanguage\":\"pt-BR\",\"@id\":\"https:\\\/\\\/secure.gravatar.com\\\/avatar\\\/8ddd357e607cc992c053b2e5dac68c623bd118d89147848d2214c9b705462899?s=96&d=mm&r=g\",\"url\":\"https:\\\/\\\/secure.gravatar.com\\\/avatar\\\/8ddd357e607cc992c053b2e5dac68c623bd118d89147848d2214c9b705462899?s=96&d=mm&r=g\",\"contentUrl\":\"https:\\\/\\\/secure.gravatar.com\\\/avatar\\\/8ddd357e607cc992c053b2e5dac68c623bd118d89147848d2214c9b705462899?s=96&d=mm&r=g\",\"caption\":\"Equipe Guia Mais\"},\"url\":\"https:\\\/\\\/guiamais.org\\\/agenda\\\/author\\\/encontrabrasil\\\/\"}]}<\/script>\n<!-- \/ Yoast SEO plugin. -->","yoast_head_json":{"title":"Quando escolher uma Vidra\u00e7aria em Alphaville, Santana de Parna\u00edba e Carapicu\u00edba? [EncontraAlphaville] &#8212; GuiaMais","robots":{"index":"index","follow":"follow","max-snippet":"max-snippet:-1","max-image-preview":"max-image-preview:large","max-video-preview":"max-video-preview:-1"},"canonical":"https:\/\/guiamais.org\/agenda\/quando-escolher-uma-vidracaria-em-alphaville-santana-de-parnaiba-e-carapicuiba-encontraalphaville\/","og_locale":"pt_BR","og_type":"article","og_title":"Quando escolher uma Vidra\u00e7aria em Alphaville, Santana de Parna\u00edba e Carapicu\u00edba? [EncontraAlphaville] &#8212; GuiaMais","og_description":"As vidra\u00e7arias s\u00e3o empresas especializadas na fabrica\u00e7\u00e3o de vidro de diversos tipos, como o vidro temperado, vidro laminado e o vidro aramado, comumente utilizados na constru\u00e7\u00e3o civil e na ind\u00fastria automotiva.O vidraceiro tamb\u00e9m oferece o servi\u00e7o de instala\u00e7\u00e3o de box para banheiro, cortina de vidro para varandas, guarda corpo, divis\u00f3ria de vidro, envidra\u00e7amento de sacadas [&hellip;]","og_url":"https:\/\/guiamais.org\/agenda\/quando-escolher-uma-vidracaria-em-alphaville-santana-de-parnaiba-e-carapicuiba-encontraalphaville\/","og_site_name":"GuiaMais","article_published_time":"2021-12-08T20:28:29+00:00","og_image":[{"width":450,"height":300,"url":"https:\/\/guiamais.org\/agenda\/wp-content\/uploads\/2019\/08\/vidracaria-2.jpg","type":"image\/jpeg"}],"author":"Equipe Guia Mais","twitter_card":"summary_large_image","twitter_misc":{"Escrito por":"Equipe Guia Mais","Est. tempo de leitura":"2 minutos"},"schema":{"@context":"https:\/\/schema.org","@graph":[{"@type":"Article","@id":"https:\/\/guiamais.org\/agenda\/quando-escolher-uma-vidracaria-em-alphaville-santana-de-parnaiba-e-carapicuiba-encontraalphaville\/#article","isPartOf":{"@id":"https:\/\/guiamais.org\/agenda\/quando-escolher-uma-vidracaria-em-alphaville-santana-de-parnaiba-e-carapicuiba-encontraalphaville\/"},"author":{"name":"Equipe Guia Mais","@id":"https:\/\/guiamais.org\/agenda\/#\/schema\/person\/125fa6f4730e4266aad9a1e48c4f4e89"},"headline":"Quando escolher uma Vidra\u00e7aria em Alphaville, Santana de Parna\u00edba e Carapicu\u00edba? [EncontraAlphaville]","datePublished":"2021-12-08T20:28:29+00:00","mainEntityOfPage":{"@id":"https:\/\/guiamais.org\/agenda\/quando-escolher-uma-vidracaria-em-alphaville-santana-de-parnaiba-e-carapicuiba-encontraalphaville\/"},"wordCount":381,"image":{"@id":"https:\/\/guiamais.org\/agenda\/quando-escolher-uma-vidracaria-em-alphaville-santana-de-parnaiba-e-carapicuiba-encontraalphaville\/#primaryimage"},"thumbnailUrl":"https:\/\/guiamais.org\/agenda\/wp-content\/uploads\/2019\/08\/vidracaria-2.jpg","articleSection":["An\u00fancios Gratuitos"],"inLanguage":"pt-BR"},{"@type":"WebPage","@id":"https:\/\/guiamais.org\/agenda\/quando-escolher-uma-vidracaria-em-alphaville-santana-de-parnaiba-e-carapicuiba-encontraalphaville\/","url":"https:\/\/guiamais.org\/agenda\/quando-escolher-uma-vidracaria-em-alphaville-santana-de-parnaiba-e-carapicuiba-encontraalphaville\/","name":"Quando escolher uma Vidra\u00e7aria em Alphaville, Santana de Parna\u00edba e Carapicu\u00edba? [EncontraAlphaville] &#8212; GuiaMais","isPartOf":{"@id":"https:\/\/guiamais.org\/agenda\/#website"},"primaryImageOfPage":{"@id":"https:\/\/guiamais.org\/agenda\/quando-escolher-uma-vidracaria-em-alphaville-santana-de-parnaiba-e-carapicuiba-encontraalphaville\/#primaryimage"},"image":{"@id":"https:\/\/guiamais.org\/agenda\/quando-escolher-uma-vidracaria-em-alphaville-santana-de-parnaiba-e-carapicuiba-encontraalphaville\/#primaryimage"},"thumbnailUrl":"https:\/\/guiamais.org\/agenda\/wp-content\/uploads\/2019\/08\/vidracaria-2.jpg","datePublished":"2021-12-08T20:28:29+00:00","author":{"@id":"https:\/\/guiamais.org\/agenda\/#\/schema\/person\/125fa6f4730e4266aad9a1e48c4f4e89"},"breadcrumb":{"@id":"https:\/\/guiamais.org\/agenda\/quando-escolher-uma-vidracaria-em-alphaville-santana-de-parnaiba-e-carapicuiba-encontraalphaville\/#breadcrumb"},"inLanguage":"pt-BR","potentialAction":[{"@type":"ReadAction","target":["https:\/\/guiamais.org\/agenda\/quando-escolher-uma-vidracaria-em-alphaville-santana-de-parnaiba-e-carapicuiba-encontraalphaville\/"]}]},{"@type":"ImageObject","inLanguage":"pt-BR","@id":"https:\/\/guiamais.org\/agenda\/quando-escolher-uma-vidracaria-em-alphaville-santana-de-parnaiba-e-carapicuiba-encontraalphaville\/#primaryimage","url":"https:\/\/guiamais.org\/agenda\/wp-content\/uploads\/2019\/08\/vidracaria-2.jpg","contentUrl":"https:\/\/guiamais.org\/agenda\/wp-content\/uploads\/2019\/08\/vidracaria-2.jpg","width":450,"height":300},{"@type":"BreadcrumbList","@id":"https:\/\/guiamais.org\/agenda\/quando-escolher-uma-vidracaria-em-alphaville-santana-de-parnaiba-e-carapicuiba-encontraalphaville\/#breadcrumb","itemListElement":[{"@type":"ListItem","position":1,"name":"In\u00edcio","item":"https:\/\/guiamais.org\/agenda\/"},{"@type":"ListItem","position":2,"name":"Quando escolher uma Vidra\u00e7aria em Alphaville, Santana de Parna\u00edba e Carapicu\u00edba? [EncontraAlphaville]"}]},{"@type":"WebSite","@id":"https:\/\/guiamais.org\/agenda\/#website","url":"https:\/\/guiamais.org\/agenda\/","name":"GuiaMais","description":"O jeito mais f\u00e1cil de aparecer na internet","potentialAction":[{"@type":"SearchAction","target":{"@type":"EntryPoint","urlTemplate":"https:\/\/guiamais.org\/agenda\/?s={search_term_string}"},"query-input":{"@type":"PropertyValueSpecification","valueRequired":true,"valueName":"search_term_string"}}],"inLanguage":"pt-BR"},{"@type":"Person","@id":"https:\/\/guiamais.org\/agenda\/#\/schema\/person\/125fa6f4730e4266aad9a1e48c4f4e89","name":"Equipe Guia Mais","image":{"@type":"ImageObject","inLanguage":"pt-BR","@id":"https:\/\/secure.gravatar.com\/avatar\/8ddd357e607cc992c053b2e5dac68c623bd118d89147848d2214c9b705462899?s=96&d=mm&r=g","url":"https:\/\/secure.gravatar.com\/avatar\/8ddd357e607cc992c053b2e5dac68c623bd118d89147848d2214c9b705462899?s=96&d=mm&r=g","contentUrl":"https:\/\/secure.gravatar.com\/avatar\/8ddd357e607cc992c053b2e5dac68c623bd118d89147848d2214c9b705462899?s=96&d=mm&r=g","caption":"Equipe Guia Mais"},"url":"https:\/\/guiamais.org\/agenda\/author\/encontrabrasil\/"}]}},"_links":{"self":[{"href":"https:\/\/guiamais.org\/agenda\/wp-json\/wp\/v2\/posts\/4817","targetHints":{"allow":["GET"]}}],"collection":[{"href":"https:\/\/guiamais.org\/agenda\/wp-json\/wp\/v2\/posts"}],"about":[{"href":"https:\/\/guiamais.org\/agenda\/wp-json\/wp\/v2\/types\/post"}],"author":[{"embeddable":true,"href":"https:\/\/guiamais.org\/agenda\/wp-json\/wp\/v2\/users\/1"}],"replies":[{"embeddable":true,"href":"https:\/\/guiamais.org\/agenda\/wp-json\/wp\/v2\/comments?post=4817"}],"version-history":[{"count":0,"href":"https:\/\/guiamais.org\/agenda\/wp-json\/wp\/v2\/posts\/4817\/revisions"}],"wp:featuredmedia":[{"embeddable":true,"href":"https:\/\/guiamais.org\/agenda\/wp-json\/wp\/v2\/media\/2026"}],"wp:attachment":[{"href":"https:\/\/guiamais.org\/agenda\/wp-json\/wp\/v2\/media?parent=4817"}],"wp:term":[{"taxonomy":"category","embeddable":true,"href":"https:\/\/guiamais.org\/agenda\/wp-json\/wp\/v2\/categories?post=4817"},{"taxonomy":"post_tag","embeddable":true,"href":"https:\/\/guiamais.org\/agenda\/wp-json\/wp\/v2\/tags?post=4817"}],"curies":[{"name":"wp","href":"https:\/\/api.w.org\/{rel}","templated":true}]}}